{"id":917,"date":"2010-08-20T14:55:17","date_gmt":"2010-08-20T13:55:17","guid":{"rendered":"http:\/\/www.ccapitalia.net\/?p=917"},"modified":"2024-03-26T17:38:52","modified_gmt":"2024-03-26T16:38:52","slug":"telefonica-simbolo-de-la-gran-via-de-madrid","status":"publish","type":"post","link":"https:\/\/ccapitalia.net\/?p=917","title":{"rendered":"Telef\u00f3nica, s\u00edmbolo de la Gran V\u00eda de Madrid"},"content":{"rendered":"<p><a href=\"..\/?page_id=2#agy\">Adolfo Garc\u00eda<\/a> | Este a\u00f1o se celebra el 100 aniversario de la Gran V\u00eda de Madrid. Seg\u00fan palabras de nuestro alcalde Alberto Ru\u00edz Gallard\u00f3n \u201cLa construcci\u00f3n de esta emblem\u00e1tica arteria permiti\u00f3 la llegada de los rascacielos, la nueva econom\u00eda de servicios y los espacios para el espect\u00e1culo, el consumo y el ocio, con el s\u00e9ptimo arte como gran protagonista. En la Gran V\u00eda se alternan las luces de ne\u00f3n de los estrenos con las nuevas t\u00e9cnicas publicitarias. Surge un comercio de lujo, abren los concesionarios de las primeras marcas de coches, grandes perfumer\u00edas encuentran su sitio, se consolida el cine, llegan las cafeter\u00edas americanas, Pedro Chicote introduce el cocktail, entre otras novedades. En definitiva, una Gran V\u00eda que nace para resolver un problema de tr\u00e1nsito y circulaci\u00f3n, con el tiempo se convierte en todo un s\u00edmbolo de la ciudad y en un instrumento para comunicar a Madrid con el mundo\u00bb.<\/p>\n<p><a href=\"https:\/\/ccapitalia.net\/galeria\/main.php?g2_itemId=19510\"><img loading=\"lazy\" decoding=\"async\" class=\"aligncenter \" src=\"https:\/\/ccapitalia.net\/galeria\/main.php?g2_view=core.DownloadItem&amp;g2_itemId=19510&amp;g2_serialNumber=1\" width=\"520\" height=\"720\" \/><\/a><\/p>\n<p>Dentro del paisaje de la Gran V\u00eda destaca sobremanera el <a href=\"https:\/\/ccapitalia.net\/galeria\/main.php?g2_itemId=19491\">edificio de Telef\u00f3nica<\/a>. Para m\u00ed siempre ha sido el s\u00edmbolo por excelencia del Madrid moderno. Su estilo arquitect\u00f3nico y, por supuesto, la actividad que ha desempe\u00f1ado Telef\u00f3nica en su interior resumen a la perfecci\u00f3n un <a href=\"https:\/\/ccapitalia.net\/galeria\/main.php?g2_itemId=13481\">siglo XX repleto de progresos e innovaci\u00f3n<\/a>.<\/p>\n<p>Esta semana Telef\u00f3nica ha vuelto a recuperar la cuarta posici\u00f3n en el ranking de los mayores operadores de telecomunicaciones del mundo por capitalizaci\u00f3n burs\u00e1til. Como espa\u00f1ol y profesional de las telecomunicaciones me siento orgulloso de que una empresa espa\u00f1ola est\u00e9 ah\u00ed, en lo m\u00e1s alto.<\/p>\n<p>Felicidades Gran V\u00eda. Enhorabuena Telef\u00f3nica.<\/p>\n<p><iframe loading=\"lazy\" title=\"Telef\u00f3nica, s\u00edmbolo de la Gran V\u00eda de Madrid\" width=\"500\" height=\"375\" src=\"https:\/\/www.youtube.com\/embed\/XABLG-KJ1Dw?feature=oembed\" frameborder=\"0\" allow=\"accelerometer; autoplay; clipboard-write; encrypted-media; gyroscope; picture-in-picture; web-share\" referrerpolicy=\"strict-origin-when-cross-origin\" allowfullscreen><\/iframe><\/p>\n<p>CincoD\u00edas. <a href=\"https:\/\/www.cincodias.com\/articulo\/empresas\/telefonica-bate-slim-bolsa-vuelve-ser-cuarta-teleco-mundial\/20100820cdscdiemp_11\/\" target=\"_blank\" rel=\"noopener noreferrer\">Telef\u00f3nica bate a Slim en Bolsa y vuelve a ser la cuarta &#8216;teleco&#8217; mundial<\/a><\/p>\n","protected":false},"excerpt":{"rendered":"<p>Adolfo Garc\u00eda | Este a\u00f1o se celebra el 100 aniversario de la Gran V\u00eda de Madrid. Seg\u00fan palabras de nuestro alcalde Alberto Ru\u00edz Gallard\u00f3n \u201cLa construcci\u00f3n de esta emblem\u00e1tica arteria permiti\u00f3 la llegada de los rascacielos, la nueva econom\u00eda de servicios y los espacios para el espect\u00e1culo, el consumo y el ocio, con el s\u00e9ptimo [&hellip;]<\/p>\n","protected":false},"author":3,"featured_media":0,"comment_status":"open","ping_status":"open","sticky":false,"template":"","format":"standard","meta":{"footnotes":""},"categories":[11,640],"tags":[352,250,97,223,151],"class_list":["post-917","post","type-post","status-publish","format-standard","hentry","category-arquitectura","category-historia-telecomunicaciones","tag-arquitectura","tag-gran-via","tag-histologia","tag-madrid","tag-telefonica"],"_links":{"self":[{"href":"https:\/\/ccapitalia.net\/index.php?rest_route=\/wp\/v2\/posts\/917","targetHints":{"allow":["GET"]}}],"collection":[{"href":"https:\/\/ccapitalia.net\/index.php?rest_route=\/wp\/v2\/posts"}],"about":[{"href":"https:\/\/ccapitalia.net\/index.php?rest_route=\/wp\/v2\/types\/post"}],"author":[{"embeddable":true,"href":"https:\/\/ccapitalia.net\/index.php?rest_route=\/wp\/v2\/users\/3"}],"replies":[{"embeddable":true,"href":"https:\/\/ccapitalia.net\/index.php?rest_route=%2Fwp%2Fv2%2Fcomments&post=917"}],"version-history":[{"count":10,"href":"https:\/\/ccapitalia.net\/index.php?rest_route=\/wp\/v2\/posts\/917\/revisions"}],"predecessor-version":[{"id":4993,"href":"https:\/\/ccapitalia.net\/index.php?rest_route=\/wp\/v2\/posts\/917\/revisions\/4993"}],"wp:attachment":[{"href":"https:\/\/ccapitalia.net\/index.php?rest_route=%2Fwp%2Fv2%2Fmedia&parent=917"}],"wp:term":[{"taxonomy":"category","embeddable":true,"href":"https:\/\/ccapitalia.net\/index.php?rest_route=%2Fwp%2Fv2%2Fcategories&post=917"},{"taxonomy":"post_tag","embeddable":true,"href":"https:\/\/ccapitalia.net\/index.php?rest_route=%2Fwp%2Fv2%2Ftags&post=917"}],"curies":[{"name":"wp","href":"https:\/\/api.w.org\/{rel}","templated":true}]}}