{"id":809,"date":"2011-10-09T07:43:05","date_gmt":"2011-10-09T06:43:05","guid":{"rendered":"http:\/\/www.ccapitalia.net\/?p=809"},"modified":"2024-03-25T20:52:55","modified_gmt":"2024-03-25T19:52:55","slug":"los-sonidos-de-la-mente-por-xurxo-marino","status":"publish","type":"post","link":"https:\/\/ccapitalia.net\/?p=809","title":{"rendered":"Los sonidos de la mente, por Xurxo Mari\u00f1o"},"content":{"rendered":"<p><a href=\"..\/?page_id=2#agy\">Adolfo Garc\u00eda<\/a> | Hace unos d\u00edas sub\u00ed a ccapitalia un <a href=\"https:\/\/ccapitalia.net\/?p=686\">v\u00eddeo con un registro de la actividad en la corteza cerebral<\/a>. Ahora, de una manera m\u00e1s amena, pod\u00e9is disfrutar y ampliar conocimientos sobre estos temas con la conferencia de Xurxo Mari\u00f1o \u00abLos sonidos de la mente\u00bb. \u00c9sta tuvo lugar el pasado 24 de septiembre en el marco de las jornadas Amazings 2011.<\/p>\n<p><iframe loading=\"lazy\" title=\"Amazings 2011 - Los sonidos de la mente - Xurxo Mari\u00f1o\" width=\"500\" height=\"281\" src=\"https:\/\/www.youtube.com\/embed\/4Jmoxw_ke4c?feature=oembed\" frameborder=\"0\" allow=\"accelerometer; autoplay; clipboard-write; encrypted-media; gyroscope; picture-in-picture; web-share\" referrerpolicy=\"strict-origin-when-cross-origin\" allowfullscreen><\/iframe><\/p>\n<p>En este otro enlace de la ETB pod\u00e9is ver la conferencia con mejor calidad. <a href=\"https:\/\/www.eitb.tv\/es\/#\/video\/1192628152001\" target=\"_blank\" rel=\"noopener noreferrer\">www.eitb.tv\/es\/#\/video\/1192628152001<\/a><\/p>\n","protected":false},"excerpt":{"rendered":"<p>Adolfo Garc\u00eda | Hace unos d\u00edas sub\u00ed a ccapitalia un v\u00eddeo con un registro de la actividad en la corteza cerebral. Ahora, de una manera m\u00e1s amena, pod\u00e9is disfrutar y ampliar conocimientos sobre estos temas con la conferencia de Xurxo Mari\u00f1o \u00abLos sonidos de la mente\u00bb. \u00c9sta tuvo lugar el pasado 24 de septiembre en [&hellip;]<\/p>\n","protected":false},"author":3,"featured_media":0,"comment_status":"open","ping_status":"open","sticky":false,"template":"","format":"standard","meta":{"footnotes":""},"categories":[627],"tags":[357,96],"class_list":["post-809","post","type-post","status-publish","format-standard","hentry","category-biologia","tag-neurobiologia","tag-neuronas"],"_links":{"self":[{"href":"https:\/\/ccapitalia.net\/index.php?rest_route=\/wp\/v2\/posts\/809","targetHints":{"allow":["GET"]}}],"collection":[{"href":"https:\/\/ccapitalia.net\/index.php?rest_route=\/wp\/v2\/posts"}],"about":[{"href":"https:\/\/ccapitalia.net\/index.php?rest_route=\/wp\/v2\/types\/post"}],"author":[{"embeddable":true,"href":"https:\/\/ccapitalia.net\/index.php?rest_route=\/wp\/v2\/users\/3"}],"replies":[{"embeddable":true,"href":"https:\/\/ccapitalia.net\/index.php?rest_route=%2Fwp%2Fv2%2Fcomments&post=809"}],"version-history":[{"count":17,"href":"https:\/\/ccapitalia.net\/index.php?rest_route=\/wp\/v2\/posts\/809\/revisions"}],"predecessor-version":[{"id":4977,"href":"https:\/\/ccapitalia.net\/index.php?rest_route=\/wp\/v2\/posts\/809\/revisions\/4977"}],"wp:attachment":[{"href":"https:\/\/ccapitalia.net\/index.php?rest_route=%2Fwp%2Fv2%2Fmedia&parent=809"}],"wp:term":[{"taxonomy":"category","embeddable":true,"href":"https:\/\/ccapitalia.net\/index.php?rest_route=%2Fwp%2Fv2%2Fcategories&post=809"},{"taxonomy":"post_tag","embeddable":true,"href":"https:\/\/ccapitalia.net\/index.php?rest_route=%2Fwp%2Fv2%2Ftags&post=809"}],"curies":[{"name":"wp","href":"https:\/\/api.w.org\/{rel}","templated":true}]}}