{"id":794,"date":"2011-10-16T15:28:13","date_gmt":"2011-10-16T14:28:13","guid":{"rendered":"http:\/\/www.ccapitalia.net\/?p=794"},"modified":"2024-03-25T20:52:13","modified_gmt":"2024-03-25T19:52:13","slug":"sonikas-ix-si-pero-en-diciembre","status":"publish","type":"post","link":"https:\/\/ccapitalia.net\/?p=794","title":{"rendered":"Sonikas IX s\u00ed, pero en diciembre"},"content":{"rendered":"<p><a href=\"..\/?page_id=2#agy\">Adolfo Garc\u00eda<\/a> | Este a\u00f1o, en plena crisis y rodeados de un sombr\u00edo panorama presupuestario, era un reto afrontar la novena edici\u00f3n de Sonikas en el caso de no obtener subvenci\u00f3n. Ten\u00edamos claro que har\u00edamos algo pero a costa de reducir el n\u00famero de d\u00edas y el cartel de artistas. Por supuesto tambi\u00e9n consideramos la idea de cobrar una cantidad por la entrada, lo justo para cubrir la remuneraci\u00f3n de artistas, su alojamiento y transporte.<\/p>\n<p>Como todos sab\u00e9is Sonikas es un festival totalmente gratuito que se \u201cfinancia\u201d a trav\u00e9s de una subvenci\u00f3n p\u00fablica que, en nuestro caso, llega desde el Ayuntamiento de Madrid\u00a0 v\u00eda El Matadero y la Asociaci\u00f3n Vallecas Todo Cultura. Esta ayuda econ\u00f3mica la complementamos con la amabilidad del equipo gestor del Centro Cultural Pilar Mir\u00f3, dependiente de la Comunidad de Madrid, que cada a\u00f1o nos cede su auditorio durante unos d\u00edas.<\/p>\n<p>Afortunadamente, casi en el \u00faltimo momento, hemos tenido confirmaci\u00f3n positiva a nuestra solicitud de subvenci\u00f3n y, un a\u00f1o m\u00e1s, Sonikas se desarrollar\u00e1 en el formato habitual. El \u00fanico cambio son las fechas. En lugar de octubre nos veremos en diciembre, los d\u00edas 6, 7 y 8.<\/p>\n<p><img loading=\"lazy\" decoding=\"async\" class=\"aligncenter\" style=\"border: 0pt none;\" alt=\"\" src=\"..\/img\/sonikas9.jpg\" width=\"512\" height=\"156\" \/><\/p>\n<p>Mientras escribo estas l\u00edneas no puedo evitar reflexionar sobre el futuro de aquellas propuestas culturales, similares a Sonikas, que dependen de las ayudas p\u00fablicas. No me resigno a la idea de que la cultura tenga que ser subvencionada para subsistir, al igual que no acepto que ciertas instituciones (SGAE, por ejemplo) pronostiquen que sin ellos la cultura corre riesgo de desaparecer\u2026 Por otra parte, resulta evidente que en un momento como el actual hay propuestas que son totalmente insostenibles por lo ambicioso de sus presupuestos. As\u00ed mismo, es plenamente leg\u00edtimo que los artistas quieran cobrar por su trabajo.<\/p>\n<p>Son tiempos de crisis a todos los niveles, no solo a nivel econ\u00f3mico. Como ya sucedi\u00f3 en el pasado, fue en tiempos similares a los que vivimos hoy cuando la creaci\u00f3n art\u00edstica -alejada del mercantilismo- tuvo su mayor esplendor\u2026 Pensad en esto\u2026<\/p>\n<p>Pr\u00f3ximamente m\u00e1s informaci\u00f3n en <a href=\"https:\/\/ccapitalia.net\/crc\">CRC<\/a><\/p>\n","protected":false},"excerpt":{"rendered":"<p>Adolfo Garc\u00eda | Este a\u00f1o, en plena crisis y rodeados de un sombr\u00edo panorama presupuestario, era un reto afrontar la novena edici\u00f3n de Sonikas en el caso de no obtener subvenci\u00f3n. Ten\u00edamos claro que har\u00edamos algo pero a costa de reducir el n\u00famero de d\u00edas y el cartel de artistas. Por supuesto tambi\u00e9n consideramos la [&hellip;]<\/p>\n","protected":false},"author":3,"featured_media":0,"comment_status":"open","ping_status":"open","sticky":false,"template":"","format":"standard","meta":{"footnotes":""},"categories":[103,14,3],"tags":[6,223,353,5,7,351,221,222,4],"class_list":["post-794","post","type-post","status-publish","format-standard","hentry","category-arte-sonoro","category-musica-electronica","category-sonikas","tag-festival","tag-madrid","tag-musica-electronica","tag-musica-experimental","tag-paisaje-sonoro","tag-sonikas","tag-sonikas-9","tag-sonikas-ix","tag-vallecas"],"_links":{"self":[{"href":"https:\/\/ccapitalia.net\/index.php?rest_route=\/wp\/v2\/posts\/794","targetHints":{"allow":["GET"]}}],"collection":[{"href":"https:\/\/ccapitalia.net\/index.php?rest_route=\/wp\/v2\/posts"}],"about":[{"href":"https:\/\/ccapitalia.net\/index.php?rest_route=\/wp\/v2\/types\/post"}],"author":[{"embeddable":true,"href":"https:\/\/ccapitalia.net\/index.php?rest_route=\/wp\/v2\/users\/3"}],"replies":[{"embeddable":true,"href":"https:\/\/ccapitalia.net\/index.php?rest_route=%2Fwp%2Fv2%2Fcomments&post=794"}],"version-history":[{"count":13,"href":"https:\/\/ccapitalia.net\/index.php?rest_route=\/wp\/v2\/posts\/794\/revisions"}],"predecessor-version":[{"id":4976,"href":"https:\/\/ccapitalia.net\/index.php?rest_route=\/wp\/v2\/posts\/794\/revisions\/4976"}],"wp:attachment":[{"href":"https:\/\/ccapitalia.net\/index.php?rest_route=%2Fwp%2Fv2%2Fmedia&parent=794"}],"wp:term":[{"taxonomy":"category","embeddable":true,"href":"https:\/\/ccapitalia.net\/index.php?rest_route=%2Fwp%2Fv2%2Fcategories&post=794"},{"taxonomy":"post_tag","embeddable":true,"href":"https:\/\/ccapitalia.net\/index.php?rest_route=%2Fwp%2Fv2%2Ftags&post=794"}],"curies":[{"name":"wp","href":"https:\/\/api.w.org\/{rel}","templated":true}]}}