{"id":570,"date":"2010-09-30T20:11:08","date_gmt":"2010-09-30T19:11:08","guid":{"rendered":"http:\/\/www.ccapitalia.net\/?p=570"},"modified":"2024-03-26T17:29:02","modified_gmt":"2024-03-26T16:29:02","slug":"sonikas-8%c2%aa-edicion-%c2%b5festival-de-musica-experimental-de-vallecas","status":"publish","type":"post","link":"https:\/\/ccapitalia.net\/?p=570","title":{"rendered":"Sonikas 8\u00aa edici\u00f3n &#8211; \u00b5Festival de M\u00fasica Experimental de Vallecas"},"content":{"rendered":"<p>Del 29 al 31 de Octubre 2010<strong><\/strong><\/p>\n<p><strong>Centro Cultura Pilar Mir\u00f3- Plaza Antonio Mar\u00eda Segovia s\/n &#8211; Vallecas Villa (Madrid)<\/strong><br \/>\n(Entrada gratuita hasta completar aforo)<\/p>\n<p>[web <a href=\"https:\/\/ccapitalia.net\/crc\/sonikas8\/index.htm\">Asociaci\u00f3n CRC<\/a>]<strong><\/strong><\/p>\n<p>&nbsp;<\/p>\n<p><img decoding=\"async\" class=\" \" title=\"Sonikas 8\" alt=\"Sonikas 8\" src=\"https:\/\/ccapitalia.net\/crc\/sonikas8\/triptico-Sonikas-8.jpg\" width=\"500\" \/><\/p>\n<p>&nbsp;<\/p>\n<p><strong>VIERNES 29 Oct<\/strong><br \/>\n20:00h<br \/>\n<strong>XABIER ERKIZIA (Arteleku-ES)<\/strong><br \/>\nAgitador cultural, periodista, m\u00fasico, e investigador sonoro. El trabajo del artista Xabier Erkizia se basa en la b\u00fasqueda y profundizaci\u00f3n en las diferentes direcciones de la m\u00fasica y el sonido. Tanto en formato de instalaci\u00f3nes, como en el de las\u00a0 improvisaciones colectivas o\u00a0 actuaciones en solitario (donde su propuesta toma caminos mas reflexivos, y se torna mas introspectiva y minimalista).<\/p>\n<p>Desde hace 10 a\u00f1os realiza grabaciones de campo y se involucra en el proyecto Soinumapa (Mapa Sonoro del Pais Vasco). Es miembro fundador de la asociaci\u00f3n cultural ERTZ, director del festival internacional con el mismo nombre y director del laboratorio de sonido del centro de arte contempor\u00e1neo ARTELEKU en San Sebasti\u00e1n.<br \/>\n[web <a href=\"https:\/\/www.arteleku.net\/\" target=\"_blank\" rel=\"noopener noreferrer\">www.arteleku.net<\/a>]<\/p>\n<p>21:00h<br \/>\n<strong>ROEL MEELKOP (Korm plastics-NL)<\/strong><br \/>\nRoel Meelkop\u00a0 estudi\u00f3 artes visuales y\u00a0 teor\u00eda del arte en el Willem de Kooning Academy en Rotterdam, Holanda. Durante un curso de postgrado en la misma academia decidi\u00f3 dedicar su trabajo al sonido y a la m\u00fasica. Sus actividades musicales se remontan a principios de los ochenta cuando empez\u00f3 THU20, junto con Jac van Bussel, Peter Duimelinks, Jos Smolders y Guido Doesborg. THU20 ha editado varias cassettes y CD&#8217;s y han actuado regularmente en Europa.\u00a0 Este per\u00edodo es crucial en la formaci\u00f3n de sus ideas y conceptos sobre el sonido y la forma de organizarse, pero no fue hasta mediados de los noventa cuando fue capaz de aprovechar plenamente estas ideas.<\/p>\n<p>Con la adquisici\u00f3n de un sampler y un ordenador cambi\u00f3 radicalmente su forma de trabajar con sonido, al obtener\u00a0 un mayor control\u00a0 y libertad. Desde entonces no ha parado de trabajar en numerosos proyectos, entre los que destaca GOEM, junto a\u00a0 Frans de Waard y Peter Duimelinks o ZEBRA (tambi\u00e9n junto a Frans de Waard).<\/p>\n<p>En los \u00faltimos a\u00f1os ha centrado su trabajo en llevar a cabo instalaciones sonoras (site-especifics) y en la composici\u00f3n de piezas electroac\u00fasticas en torno a grabaciones de campo.<br \/>\n[web <a href=\"https:\/\/www.r0m.nl\" target=\"_blank\" rel=\"noopener noreferrer\">www.r0m.nl<\/a>]<\/p>\n<p><strong>SABADO 30 Oct<\/strong><br \/>\n20:00h<br \/>\n<strong>NICOLAS WIESE [-Hyph-]\u00a0(Antiinformation-GER)<\/strong> &#8211;<em>Concierto audiovisual-<\/em><br \/>\nEstudi\u00f3 dise\u00f1o de la comunicaci\u00f3n, ilustraci\u00f3n, dise\u00f1o de audio, Sociolog\u00eda y Filosof\u00eda cultural en Hamburgo y Berl\u00edn. Wiese ha creado obras en diversos medios\/formatos y para diferentes contextos: instalaciones, conciertos espacializados, composiciones musicales electroac\u00fasticas, artes gr\u00e1ficas, radio y cine experimental. Su principal inter\u00e9s radica en la configuraci\u00f3n \u00abpost digital\u00bbde la informaci\u00f3n audiovisual derivados en los medios t\u00e9cnicos, con una conciencia cr\u00edtica de las ideolog\u00edas en tanto \u00abmedio\u00bb y \u00abmensaje\u00bb en la actual sociedad.<\/p>\n<p>Nicolas Wiese ha publicado y desarrollado sus piezas electroac\u00fasticas y audiovisuales bajo el seud\u00f3nimo\u00a0 [-Hyph-] desde el a\u00f1o 2002, a trav\u00e9s de la observaci\u00f3n de los mecanismos de la cultura de masas y la percepci\u00f3n manipulada. Desde 2003 dirige junto a Oliver Peters, Antiinformation, sello clave de la escena underground de Hamburgo.<br \/>\n[web <a href=\"https:\/\/www.nicolaswiese.com\/\" target=\"_blank\" rel=\"noopener noreferrer\">www.nicolaswiese.com<\/a> | <a href=\"https:\/\/0000-antiinfo.blogspot.com\/\" target=\"_blank\" rel=\"noopener noreferrer\">0000-antiinfo.blogspot.com<\/a>]<\/p>\n<p>21:00h.<br \/>\n<strong>JOS\u00c9 MANUEL BERENGUER (Orquesta del caos-ES)<\/strong><br \/>\nDirector de la Orquesta del Caos y del Festival M\u00fasica 13, fundador de Nau C\u00f4clea, miembro de la Acad\u00e9mie\u00a0 Internationale de Musique El\u00e9ctroacoustique de Bourges y Presidente de Honor de la International Conference of Electroacoustic Music del Consejo Internacional de la M\u00fasica de la UNESCO, ha sido objeto de premios y distinciones otorgados por instituciones como Internationale Ferienkurse de Darmstadt, Gaudeamus foundation, Prix de Musique Electroacoustique de Bourges, Concorso di Musica Elettronica, Fondazione Russolo-Pratella, International Rostrum of Electroacoustic Music del CIM-UNESCO,\u00a0 Festival de M\u00fasiques Contempor\u00e0nies de Barcelona, Radio Nacional de Espa\u00f1a y Premio de Video de Castilla-La Mancha.<\/p>\n<p>En los \u00faltimos a\u00f1os ha tendido a expresar su pensamiento art\u00edstico por medio de la instalaci\u00f3n y los dispositivos de computaci\u00f3n en tiempo real,\u00a0 la reflexi\u00f3n acerca de la filosof\u00eda y la historia de la ciencia, los l\u00edmites del lenguaje, la \u00e9tica, la vida y la inteligencia artificiales, la rob\u00f3tica y el metabolismo de la informaci\u00f3n, los l\u00edmites de la percepci\u00f3n y la comprensi\u00f2n humanas.<\/p>\n<p>Sus trabajos m\u00e1s recientes incluyen instalaciones, como por ejemplo, Silenci, Tr\u00e0nsfer, la Casa de la P\u00f3lvora, Mega kai Mikron y performances, como Minf, On Nothing, Lambda-Itter (con Jane Rigler), Expanded Piano (con Agust\u00ed Fern\u00e0ndez) y Desde dentro, para microscopio, guitarra el\u00e9ctrica y generaci\u00f3n electr\u00f3nica de sonidos e im\u00e1genes. Su pieza Luci, sin nombre y sin memoria, ha ganado el premio ARCO\/BEEP 2008 de Arte Electr\u00f3nico.<br \/>\n[web <a href=\"https:\/\/www.sonoscop.net\/jmb\/\" target=\"_blank\" rel=\"noopener noreferrer\">www.sonoscop.net\/jmb<\/a>]<\/p>\n<p><strong>Domingo 31<\/strong><br \/>\n20:00h<br \/>\n<strong>PALI MEURSAULT (Universinternational\/Entr&#8217;acte-FR)<\/strong><br \/>\nPali Meursault es un artista frances que vive entre Grenoble y Paris. Lleva a cabo sus investigaciones ac\u00fasticas usando grabaciones de campo a trav\u00e9s de performances, instalaciones, obras y escritos.<\/p>\n<p>Colabora regularmente con el grupo de arte franc\u00e9s Ici-M\u00eame y dirige el sello Universinternational. Sus obras han sido publicadas en Entr&#8217;acte and And\/OAR.<br \/>\n[web <a href=\"https:\/\/www.icimeme.org\" target=\"_blank\" rel=\"noopener noreferrer\">www.icimeme.org<\/a> | <a href=\"https:\/\/ui.universinternational.org\" target=\"_blank\" rel=\"noopener noreferrer\">ui.universinternational.org<\/a> | <a href=\"https:\/\/www.palimeursault.net\" target=\"_blank\" rel=\"noopener noreferrer\">www.palimeursault.net<\/a>]<br \/>\n<a href=\"https:\/\/www.ui.universinternational.org\/\"><br \/>\n<\/a><\/p>\n<p>21:00h<br \/>\n<strong>AARON XIMM aka QUIET AMERICAN (23five,And\/OAR-USA)<\/strong><br \/>\n\u00abEl mundo hace su propia m\u00fasica, pero rara vez se escucha con los o\u00eddos ingenuos \u2026 Quiet American es la manipulaci\u00f3n de los sonidos que escucho y registro \u00ab.<\/p>\n<p>Aaron Ximm es Quiet American, investigador sonoro y grabador de sonidos procedente de San Francisco. En sus trabajos\u00a0 intenta explorar el lado m\u00e1s tranquilo, fragil, delicado y hermoso del sonido y de las grabaciones de campo. Su m\u00e9todo de trabajo consiste en grabar sonidos en sus constantes viajes para luego intentar transportar al oyente a<br \/>\nla emoci\u00f3n y a la experiencia de conocer un lugar desconocido. Junto con su esposa Bronwyn, Aaron ocasionalmente produce el popular podcast One minute vacation (<a href=\"https:\/\/www.oneminutevacation.org\" target=\"_blank\" rel=\"noopener noreferrer\">www.oneminutevacation.org<\/a>), donde anima al p\u00fablico participante a tomarse un minuto de vacaciones de la vida cotidiana y grabar 60 segundos de cualquier cosa en cualquier lugar. En el podcast se comparte todo ese material.<\/p>\n<p>Ximm es tambi\u00e9n uno de los directores del sello\/plataforma 23five.<br \/>\n[web <a href=\"https:\/\/www.quietamerican.org\" target=\"_blank\" rel=\"noopener noreferrer\">www.quietamerican.org<\/a>]<\/p>\n<p>[web <a href=\"..\/crc\/sonikas8\/index.htm\">Asociaci\u00f3n CRC<\/a>]<\/p>\n","protected":false},"excerpt":{"rendered":"<p>Del 29 al 31 de Octubre 2010 Centro Cultura Pilar Mir\u00f3- Plaza Antonio Mar\u00eda Segovia s\/n &#8211; Vallecas Villa (Madrid) (Entrada gratuita hasta completar aforo) [web Asociaci\u00f3n CRC] &nbsp; &nbsp; VIERNES 29 Oct 20:00h XABIER ERKIZIA (Arteleku-ES) Agitador cultural, periodista, m\u00fasico, e investigador sonoro. El trabajo del artista Xabier Erkizia se basa en la b\u00fasqueda [&hellip;]<\/p>\n","protected":false},"author":3,"featured_media":0,"comment_status":"open","ping_status":"open","sticky":false,"template":"","format":"standard","meta":{"footnotes":""},"categories":[103,14,3],"tags":[197,6,195,199,200,198,194,351,4,193],"class_list":["post-570","post","type-post","status-publish","format-standard","hentry","category-arte-sonoro","category-musica-electronica","category-sonikas","tag-aaron-ximm","tag-festival","tag-jose-manuel-berenguer","tag-nicolas-wiese","tag-pali-meursault","tag-quiet-american","tag-roel-meelkop","tag-sonikas","tag-vallecas","tag-xabier-erkizia"],"_links":{"self":[{"href":"https:\/\/ccapitalia.net\/index.php?rest_route=\/wp\/v2\/posts\/570","targetHints":{"allow":["GET"]}}],"collection":[{"href":"https:\/\/ccapitalia.net\/index.php?rest_route=\/wp\/v2\/posts"}],"about":[{"href":"https:\/\/ccapitalia.net\/index.php?rest_route=\/wp\/v2\/types\/post"}],"author":[{"embeddable":true,"href":"https:\/\/ccapitalia.net\/index.php?rest_route=\/wp\/v2\/users\/3"}],"replies":[{"embeddable":true,"href":"https:\/\/ccapitalia.net\/index.php?rest_route=%2Fwp%2Fv2%2Fcomments&post=570"}],"version-history":[{"count":16,"href":"https:\/\/ccapitalia.net\/index.php?rest_route=\/wp\/v2\/posts\/570\/revisions"}],"predecessor-version":[{"id":4987,"href":"https:\/\/ccapitalia.net\/index.php?rest_route=\/wp\/v2\/posts\/570\/revisions\/4987"}],"wp:attachment":[{"href":"https:\/\/ccapitalia.net\/index.php?rest_route=%2Fwp%2Fv2%2Fmedia&parent=570"}],"wp:term":[{"taxonomy":"category","embeddable":true,"href":"https:\/\/ccapitalia.net\/index.php?rest_route=%2Fwp%2Fv2%2Fcategories&post=570"},{"taxonomy":"post_tag","embeddable":true,"href":"https:\/\/ccapitalia.net\/index.php?rest_route=%2Fwp%2Fv2%2Ftags&post=570"}],"curies":[{"name":"wp","href":"https:\/\/api.w.org\/{rel}","templated":true}]}}