{"id":5293,"date":"2024-12-07T17:47:49","date_gmt":"2024-12-07T16:47:49","guid":{"rendered":"https:\/\/www.ccapitalia.net\/?p=5293"},"modified":"2025-12-11T08:58:16","modified_gmt":"2025-12-11T07:58:16","slug":"la-radio-en-espana-radiotelegrafia-2","status":"publish","type":"post","link":"https:\/\/ccapitalia.net\/?p=5293","title":{"rendered":"La radio en Espa\u00f1a. Radiotelegraf\u00eda (2)"},"content":{"rendered":"<p><a href=\"http:\/\/www.ccapitalia.net\/?page_id=2\">Adolfo Garc\u00eda Yag\u00fce<\/a> | La radiotelegraf\u00eda, como aplicaci\u00f3n directa de la radio, fue una revoluci\u00f3n en la que varias naciones -incluida la nuestra- tomaron posiciones ante la carrera tecnol\u00f3gica que se avecinaba. En Espa\u00f1a, tras las experiencias de 1901 del comandante <a href=\"https:\/\/ccapitalia.net\/?p=5208\"><strong>Julio Cervera Baviera (1854-1927)<\/strong><\/a>, so\u00f1\u00e1bamos con alcanzar el liderazgo gracias a las patentes que nuestro h\u00e9roe hab\u00eda desarrollado, incluso, se dec\u00eda, que una de sus l\u00edneas de investigaci\u00f3n ten\u00eda ver con la radiotelefon\u00eda, situ\u00e1ndonos -supuestamente- muy por delante de Marconi y el resto. Consciente de este desaf\u00edo, en marzo de 1902 Cervera constituy\u00f3 la <strong>Sociedad An\u00f3nima Espa\u00f1ola de Telegraf\u00eda y Telefon\u00eda sin Hilos<\/strong> con la intenci\u00f3n de industrializar y explotar sus inventos, adem\u00e1s contaba con el apoyo del <strong>Ministerio de la Guerra<\/strong> que aspiraba a volver a tutear a cualquier potencia. \u00bfQu\u00e9 pod\u00eda salir mal?<\/p>\n<p>Para intentar entender -o especular- sobre lo que aconteci\u00f3, recomiendo leer el pr\u00f3logo que escribi\u00f3 en 1904 el propio Cervera para la edici\u00f3n espa\u00f1ola de <a href=\"https:\/\/ccapitalia.net\/galeria\/main.php?g2_itemId=18257\"><strong>Ondas hertzianas y tel\u00e9grafo sin hilos<\/strong><\/a> de <strong>Oreste Murani (1853-1937)<\/strong>. En aquel a\u00f1o Cervera ya se encuentra desvinculado de la radiotelegraf\u00eda y, como \u00e9l mismo cita al comienzo de este texto, al recordar el pasado <em>\u201cacuden a su mente amarguras y pesimismos\u201d<\/em>. Como el lector podr\u00e1 comprobar en estas l\u00edneas, Cervera admite que ha sufrido <em>\u201ctrastornos mentales\u201d<\/em> debido a su trabajo, y que sus recuerdos est\u00e1n <em>\u201cesfumados y confusos\u201d<\/em> a pesar de que apenas han transcurrido tres a\u00f1os desde sus \u00e9xitos iniciales.<\/p>\n<p><a href=\"https:\/\/ccapitalia.net\/galeria\/main.php?g2_itemId=20084\"><img loading=\"lazy\" decoding=\"async\" class=\"aligncenter \" src=\"https:\/\/ccapitalia.net\/galeria\/main.php?g2_view=core.DownloadItem&amp;g2_itemId=20084&amp;g2_serialNumber=1\" width=\"520\" height=\"302\" \/><\/a><\/p>\n<p>Tras conocer las conclusiones a las que han llegado investigadores como <strong>Jes\u00fas S\u00e1nchez Mi\u00f1ana<\/strong> y <strong>\u00c1ngel Faus Belau<\/strong>, es complejo responder con certeza a la cuesti\u00f3n anterior al existir importantes discrepancias entre ambos, en particular al resultado de la conexi\u00f3n radiotelegr\u00e1fica que Cervera ten\u00eda previsto realizar entre <strong>J\u00e1vea e Ibiza<\/strong> y que, sospecho, est\u00e1 en la ra\u00edz del infortunio. En contra de lo que afirma \u00c1ngel Faus, todo apunta a que la mencionada conexi\u00f3n no funcion\u00f3 como se esperaba, por lo que no extra\u00f1a que la crisis sufrida por Cervera tuviera su origen en la elevada presi\u00f3n a la que estuvo expuesto para que sus resultados fueran satisfactorios. Tampoco sorprende que, en el centro de aquella adversidad, afloraran rencillas, reproches y cr\u00edticas de sus compa\u00f1eros y superiores. Por estas razones, y sin abandonar el car\u00e1cter especulativo de estas l\u00edneas, parece veros\u00edmil pensar que lo que iba a ser un hito de la inventiva espa\u00f1ola desemboc\u00f3 en una p\u00e9rdida de confianza hacia la figura y el trabajo de Cervera. En este orden de cosas, tampoco debemos pasar por alto la ingenuidad del gobierno espa\u00f1ol al pretender contrarrestar la capacidad de compa\u00f1\u00edas extranjeras, como <strong>Telefunken<\/strong> o <strong>Marconi Wireless<\/strong>, con el \u00fanico talento de Julio Cervera junto a unos pocos colaboradores dotados, todos ellos, de exiguos recursos materiales y econ\u00f3micos.<\/p>\n<p>Sin lugar a duda nuestro apreciado comandante contaba con una gran clarividencia y ten\u00eda los conocimientos t\u00e9cnicos necesarios, pero, lamentablemente, no estaba un paso por delante de contempor\u00e1neos como <strong>Lodge<\/strong>, <strong>Popov<\/strong>, <strong>Marconi<\/strong>, <strong>Poulsen<\/strong>, <strong>Slavy<\/strong> o <strong>Fessenden<\/strong>. Hago esta apreciaci\u00f3n porque as\u00ed lo da a entender \u00c1ngel Faus en la sinopsis de su libro <strong>La radio en Espa\u00f1a (1896-1977)<\/strong> cuando afirma que <em>\u201cel inventor de la radio fue el espa\u00f1ol Julio Cervera Baviera y no Marconi, tal como se cre\u00eda hasta ahora\u201d<\/em>. En esa l\u00ednea, tambi\u00e9n considero exagerada la aseveraci\u00f3n recogida en el mismo volumen cuando se dice que Cervera <em>\u201ces el pionero de la radiotelefon\u00eda con trabajos te\u00f3ricos y pr\u00e1cticas experimentadas con anterioridad a las de Marconi y a las de todos los cient\u00edficos de su momento\u201d<\/em>. Esta afirmaci\u00f3n tampoco es cierta y debe ser contrastada visitando otro libro publicado en 1900 por el capit\u00e1n <a href=\"https:\/\/ccapitalia.net\/galeria\/main.php?g2_itemId=19091\"><strong>Isidro Calvo Juana (1861-1928)<\/strong><\/a>, en cuyo t\u00edtulo ya se incluye la frase <a href=\"https:\/\/ccapitalia.net\/galeria\/main.php?g2_itemId=19093\">\u201cTelefon\u00eda el\u00e9ctricas sin hilos conductores\u201d<\/a> dedicando varias p\u00e1ginas a describir algunos sistemas experimentales para trasmisi\u00f3n de voz sin hilos como el <a href=\"https:\/\/ccapitalia.net\/galeria\/main.php?g2_itemId=20196\"><strong>fot\u00f3fono<\/strong><\/a> de <strong>Alexander Graham Bell (1849-1922)<\/strong> y basado en la <a href=\"https:\/\/ccapitalia.net\/galeria\/main.php?g2_itemId=20192\"><strong>c\u00e9lula de selenio<\/strong><\/a>; el propuesto por el ingeniero de caminos espa\u00f1ol <strong>Manuel Maluquer Salvador (1866-1924)<\/strong> que emplea <strong>rayos ultravioletas y se aprovecha el efecto fotoel\u00e9ctrico<\/strong>, descrito a\u00f1os antes por <strong>Heinrich Hertz<\/strong> y cuya descripci\u00f3n te\u00f3rica le vali\u00f3 el Nobel a <strong>Albert Einstein <\/strong>en 1921; y el de <strong>Carlos Reichelt<\/strong>, que se basa en la <strong>modulaci\u00f3n de un arco voltaico<\/strong> y nos recuerda al m\u00edtico <a href=\"https:\/\/ccapitalia.net\/galeria\/main.php?g2_itemId=20215&amp;g2_imageViewsIndex=1\"><strong>Arco de Poulsen<\/strong><\/a> inventado en 1903 por <strong>Valdemar Poulsen (1869-1942)<\/strong> y que ser\u00eda, realmente, uno de los primeros <strong>generadores de ondas continuas de frecuencia fija<\/strong> que posibilitaron la trasmisi\u00f3n de la voz por radio.<\/p>\n<p><a href=\"https:\/\/ccapitalia.net\/galeria\/main.php?g2_itemId=20025&amp;g2_imageViewsIndex=1\"><img loading=\"lazy\" decoding=\"async\" class=\"aligncenter \" src=\"https:\/\/ccapitalia.net\/galeria\/main.php?g2_view=core.DownloadItem&amp;g2_itemId=20027&amp;g2_serialNumber=2\" width=\"520\" height=\"252\" \/><\/a><\/p>\n<p><strong>Red militar<\/strong><br \/>\nSin duda, el abandono de la opci\u00f3n Cervera fue un golpe de realidad a las aspiraciones espa\u00f1olas, pero, a pesar de ello, el Ej\u00e9rcito no albergaba dudas de la importancia que ten\u00eda contar con una red de radiotelegraf\u00eda propia. Con este fin, entre 1903 y 1905, se tomar\u00e1n una serie de decisiones que marcar\u00e1n el devenir de los siguientes a\u00f1os, como el compromiso del Estado espa\u00f1ol con las iniciativas internacionales para reglamentar y unificar las comunicaciones por radio y la creaci\u00f3n, dentro del Ej\u00e9rcito, del <a href=\"https:\/\/ccapitalia.net\/galeria\/main.php?g2_itemId=20126\"><strong>Centro Electrot\u00e9cnico y de Comunicaciones<\/strong><\/a> en quien se deleg\u00f3 la construcci\u00f3n y puesta en marcha de una <a href=\"https:\/\/ccapitalia.net\/galeria\/main.php?g2_itemId=20099\"><strong>Red Radiotelegr\u00e1fica Militar Permanente<\/strong><\/a>\u00a0con equipos de la firma Telefunken.<\/p>\n<p>Como hemos dicho, durante la primera quincena de agosto de 1903, Espa\u00f1a, a trav\u00e9s de sus delegados <strong>Isidro Calvo Juana<\/strong> y <strong>Antonio Pel\u00e1ez Campomanes, <\/strong>en representaci\u00f3n del Ministerio de la Guerra y <strong>Mateo Garc\u00eda de los Reyes<\/strong> por parte del Ministerio de Marina, participar\u00e1n en la <strong>Convenci\u00f3n<\/strong> que tuvo lugar en Berl\u00edn para la preparaci\u00f3n la <strong>Primera Conferencia Radiotelegr\u00e1fica Internacional<\/strong>, cuya realizaci\u00f3n estaba prevista en 1906 en la misma ciudad. En aquella Convenci\u00f3n de 1903, adem\u00e1s de sentar las bases para reglamentar los detalles t\u00e9cnicos de la comunicaci\u00f3n radio, como la asignaci\u00f3n de frecuencias e indicativos para cada estaci\u00f3n, tuvo especial importancia llegar a un compromiso entre naciones para frenar las pr\u00e1cticas monopol\u00edsticas que ven\u00eda realizando la Marconi Wireless, como, por ejemplo, aquella que imped\u00eda a sus telegrafistas comunicarse y atender un mensaje de otras estaciones cuyos equipos no fuesen Marconi. Evidentemente, a excepci\u00f3n de Reino Unido e Italia, cuya relaci\u00f3n con la Marconi Wireless era claramente ventajosa, el resto de los pa\u00edses participantes llegaron al acuerdo y establecieron la obligatoriedad de atender cualquier mensaje, en especial los de socorro, sin importar el equipo radiotelegr\u00e1fico y estaci\u00f3n que lo emitiese y recibiera. En este sentido, en la Conferencia de 1906, quedo establecido el uso de la <strong>se\u00f1al de socorro SOS<\/strong>.<\/p>\n<p><a href=\"https:\/\/ccapitalia.net\/galeria\/main.php?g2_itemId=20166\"><img loading=\"lazy\" decoding=\"async\" class=\" wp-image-5318 aligncenter\" style=\"border: 0px solid #C6C6C6;padding: 3px;margin: 3px\" src=\"https:\/\/ccapitalia.net\/wp-content\/uploads\/2024\/12\/Carro-estaci\u00f3n-radiotelegr\u00e1fica-de-campa\u00f1a.-Telefunken-1904.jpg\" alt=\"\" width=\"520\" height=\"413\" \/><\/a><\/p>\n<p>Fruto del exquisito trato que recibieron nuestros representantes en Berl\u00edn, el recelo que suscitaba la Marconi Wireless o la admiraci\u00f3n que sent\u00edan algunos militares por el Ej\u00e9rcito Prusiano, a partir del verano de 1904 se empiezan a probar las prestaciones del modelo 1904, transportable en carro, de la firma Telefunken para, posteriormente, seleccionar a esta compa\u00f1\u00eda frente a otras opciones como las de Marconi o las francesas <strong>Rochefort<\/strong> y <strong>Ducretet<\/strong>. Pero sin duda, el hecho m\u00e1s trascendente de aquel a\u00f1o es la creaci\u00f3n en el mes de noviembre del <a href=\"https:\/\/ccapitalia.net\/galeria\/main.php?g2_itemId=20132\"><strong>Centro Electrot\u00e9cnico y de Comunicaciones<\/strong><\/a>.<\/p>\n<p><a href=\"https:\/\/ccapitalia.net\/galeria\/main.php?g2_itemId=20144\"><img loading=\"lazy\" decoding=\"async\" class=\"aligncenter \" src=\"https:\/\/ccapitalia.net\/galeria\/main.php?g2_view=core.DownloadItem&amp;g2_itemId=20144&amp;g2_serialNumber=1\" width=\"520\" height=\"354\" \/><\/a><\/p>\n<p>En efecto, ante los importantes desaf\u00edos que ten\u00eda que encarar nuestro pa\u00eds para ponerse al nivel de otras potencias y atender las acuciantes necesidades que llegaban desde el norte de \u00c1frica, se reuni\u00f3 en un \u00fanico Cuerpo el conocimiento tecnol\u00f3gico que, hasta el momento, estaba disperso en otras unidades integrando en \u00e9l, adem\u00e1s, a las tropas de la <strong>Compa\u00f1\u00eda de Tel\u00e9grafos de la Red de Madrid<\/strong> y a la <strong>Escuela Central de Telegraf\u00eda<\/strong> junto a la unidad de <strong>Estudios y Experiencias<\/strong>. Uno de los primeros cometidos del Centro Electrot\u00e9cnico y de Comunicaciones fue organizar el <strong>primer curso de radiotelegraf\u00eda<\/strong> para reglamentar y unificar la capacitaci\u00f3n t\u00e9cnica del personal de otros Cuerpos. En paralelo, el Centro Electrot\u00e9cnico, establecer\u00e1 los criterios t\u00e9cnicos que se seguir\u00e1n en la construcci\u00f3n y puesta en marcha de varias estaciones de radiotelegraf\u00eda en la pen\u00ednsula y \u00c1frica, como la construida en <strong>Chamart\u00edn de la Rosa<\/strong> en 1905 (Madrid) y empleada en los ensayos que se ven\u00edan realizando.<\/p>\n<p><a href=\"https:\/\/ccapitalia.net\/galeria\/main.php?g2_itemId=20146\"><img loading=\"lazy\" decoding=\"async\" class=\"aligncenter \" src=\"https:\/\/ccapitalia.net\/galeria\/main.php?g2_view=core.DownloadItem&amp;g2_itemId=20146&amp;g2_serialNumber=1\" width=\"520\" height=\"798\" \/><\/a><\/p>\n<p>Tras la publicaci\u00f3n en enero de 1908 en la <strong>Gaceta de Madrid<\/strong> (antiguo BOE) de la regulaci\u00f3n aplicable al servicio radiotelegr\u00e1fico, comienza la puesta en servicio de esas primeras estaciones para uso militar. De ellas, la m\u00e1s imponente y representativa ser\u00e1 la que se inaugur\u00f3 en julio de <strong>1908 en la<\/strong> <a href=\"https:\/\/ccapitalia.net\/galeria\/main.php?g2_itemId=20095\"><strong>Alcazaba<\/strong> <strong>de Almer\u00eda<\/strong><\/a>\u00a0que, como sab\u00e9is, fue levantada en tiempos de Abderram\u00e1n I y Almanzor. Esta estaci\u00f3n, cuyo alcance era de 300Km en las longitudes de onda de 300, 600, 900 y 1200 metros, garantizaba la comunicaci\u00f3n con Melilla y Ceuta, adem\u00e1s, en condiciones \u00f3ptimas de propagaci\u00f3n radio, podr\u00eda llegar hasta los 500Km y alcanzar la posici\u00f3n de <a href=\"https:\/\/ccapitalia.net\/galeria\/main.php?g2_itemId=19141\">El Harcha<\/a> y las ciudades de Fez, Alcazarquivir y Larache.<\/p>\n<p><a href=\"https:\/\/ccapitalia.net\/galeria\/main.php?g2_itemId=20086\"><img loading=\"lazy\" decoding=\"async\" class=\" wp-image-5295 aligncenter\" src=\"https:\/\/ccapitalia.net\/wp-content\/uploads\/2024\/12\/Radiotelegraf\u00eda-Militar-en-Espa\u00f1a.-Estaci\u00f3n-de-Almer\u00eda.jpg\" alt=\"\" width=\"520\" height=\"338\" srcset=\"https:\/\/ccapitalia.net\/wp-content\/uploads\/2024\/12\/Radiotelegraf\u00eda-Militar-en-Espa\u00f1a.-Estaci\u00f3n-de-Almer\u00eda.jpg 526w, https:\/\/ccapitalia.net\/wp-content\/uploads\/2024\/12\/Radiotelegraf\u00eda-Militar-en-Espa\u00f1a.-Estaci\u00f3n-de-Almer\u00eda-300x195.jpg 300w, https:\/\/ccapitalia.net\/wp-content\/uploads\/2024\/12\/Radiotelegraf\u00eda-Militar-en-Espa\u00f1a.-Estaci\u00f3n-de-Almer\u00eda-500x325.jpg 500w\" sizes=\"auto, (max-width: 520px) 100vw, 520px\" \/><\/a><\/p>\n<p><a href=\"https:\/\/ccapitalia.net\/galeria\/main.php?g2_itemId=20091\"><img loading=\"lazy\" decoding=\"async\" class=\" wp-image-5323 aligncenter\" src=\"https:\/\/ccapitalia.net\/wp-content\/uploads\/2024\/12\/1833-Almer\u00eda.-Estaci\u00f3n-Irradiogr\u00e1fica-1908.jpg\" alt=\"\" width=\"520\" height=\"330\" srcset=\"https:\/\/ccapitalia.net\/wp-content\/uploads\/2024\/12\/1833-Almer\u00eda.-Estaci\u00f3n-Irradiogr\u00e1fica-1908.jpg 700w, https:\/\/ccapitalia.net\/wp-content\/uploads\/2024\/12\/1833-Almer\u00eda.-Estaci\u00f3n-Irradiogr\u00e1fica-1908-300x190.jpg 300w, https:\/\/ccapitalia.net\/wp-content\/uploads\/2024\/12\/1833-Almer\u00eda.-Estaci\u00f3n-Irradiogr\u00e1fica-1908-500x317.jpg 500w\" sizes=\"auto, (max-width: 520px) 100vw, 520px\" \/><\/a><\/p>\n<p>En este repaso, tampoco podemos olvidar la puesta en servicio, en abril de 1911, de la <a href=\"https:\/\/ccapitalia.net\/galeria\/main.php?g2_itemId=20093\"><strong>Estaci\u00f3n Central de Carabanchel<\/strong><\/a>\u00a0cuya inauguraci\u00f3n fue un acontecimiento que mereci\u00f3 la presencia de <strong>S.M. El Rey Alfonso XIII<\/strong>. Con un alcance garantizado de 2000Km en 600, 900, 1600, 2000 y 2500 metros cubr\u00eda la comunicaci\u00f3n con las Islas Canarias, todo el norte de \u00c1frica y nos acercaba, sin dificultad, a las principales capitales europeas y, en condiciones \u00f3ptimas, nos dejaba cerca de Mosc\u00fa y San Petersburgo. Aquel mismo a\u00f1o tambi\u00e9n entrar\u00edan en servicio otras estaciones importantes como la <a href=\"https:\/\/ccapitalia.net\/galeria\/main.php?g2_itemId=19133\"><strong>Barcelona-Montjuic<\/strong><\/a> (1000Km en 600, 1000 y 1500m), <a href=\"https:\/\/ccapitalia.net\/galeria\/main.php?g2_itemId=19147\"><strong>Ceuta <\/strong><\/a>(750Km en 600, 1200 y 1500m), <a href=\"https:\/\/ccapitalia.net\/galeria\/main.php?g2_itemId=20089\"><strong>Larache<\/strong><\/a>\u00a0(500Km en 600, 900 y 1200m) y <a href=\"https:\/\/ccapitalia.net\/galeria\/main.php?g2_itemId=19145\"><strong>Bilbao<\/strong><\/a> y <a href=\"https:\/\/ccapitalia.net\/galeria\/main.php?g2_itemId=20103\"><strong>Valencia<\/strong><\/a> en 1913, <a href=\"https:\/\/ccapitalia.net\/galeria\/main.php?g2_itemId=20122\"><strong>Tetu\u00e1n<\/strong><\/a> en 1914, as\u00ed hasta un total de 29.<\/p>\n<p><a href=\"https:\/\/ccapitalia.net\/galeria\/main.php?g2_itemId=20117&amp;g2_imageViewsIndex=1\"><img loading=\"lazy\" decoding=\"async\" class=\" wp-image-5309 aligncenter\" src=\"https:\/\/ccapitalia.net\/wp-content\/uploads\/2024\/12\/Red-Radiotelegr\u00e1fica-Militar-de-Espa\u00f1a-en-1911.jpg\" alt=\"\" width=\"520\" height=\"338\" srcset=\"https:\/\/ccapitalia.net\/wp-content\/uploads\/2024\/12\/Red-Radiotelegr\u00e1fica-Militar-de-Espa\u00f1a-en-1911.jpg 700w, https:\/\/ccapitalia.net\/wp-content\/uploads\/2024\/12\/Red-Radiotelegr\u00e1fica-Militar-de-Espa\u00f1a-en-1911-300x195.jpg 300w, https:\/\/ccapitalia.net\/wp-content\/uploads\/2024\/12\/Red-Radiotelegr\u00e1fica-Militar-de-Espa\u00f1a-en-1911-500x325.jpg 500w\" sizes=\"auto, (max-width: 520px) 100vw, 520px\" \/><\/a><\/p>\n<p><strong>Red civil<\/strong><br \/>\nTras la regulaci\u00f3n comentada anteriormente, y como consecuencia de las dificultades econ\u00f3micas del momento, <strong>el Estado sac\u00f3 a subasta p\u00fablica la creaci\u00f3n y explotaci\u00f3n de la red civil<\/strong>. El adjudicatario se compromet\u00eda a financiar la construcci\u00f3n de esta red radiotelegr\u00e1fica por un total de 2,3 millones de pesetas, y a pagar al Estado 150.000 pesetas anuales en concepto de canon por la prestaci\u00f3n del servicio. A cambio, el Estado acordaba hacer pagos anuales hasta amortizar la deuda y, durante este tiempo, ofrec\u00eda al ganador disfrutar del beneficio econ\u00f3mico derivado de la citada prestaci\u00f3n del servicio. Tras el periodo de amortizaci\u00f3n, estimado entre 20 y 30 a\u00f1os, la red pasar\u00eda a ser propiedad del Estado.<\/p>\n<p>Entre los requerimientos publicados se indic\u00f3 que la red se compondr\u00eda de un total de 24 estaciones radiotelegr\u00e1ficas costeras y su prop\u00f3sito ser\u00eda atender las comunicaciones mar\u00edtimas. Esta red estar\u00eda formada por 2 estaciones de primera clase, en C\u00e1diz y Tenerife, cuyo alcance m\u00ednimo ser\u00e1 de 1600Km en las longitudes de onda de 300, 600 y 1600 metros; 5 de segunda clase (400Km en 300 y 600 metros) en Finisterre, Tarifa, Cabo de Gata, La Nao y Menorca; 17 de tercera clase (200Km y 300m) en Barcelona, Mallorca, M\u00e1laga, cabo de Creus o de Bagur, Pe\u00f1as, Estaca de Bares, islas C\u00edes, cabo de Palos, Vinaroz o Los Alfaques, cabo Machichaco, Mayor o Quejo, Lanzarote, Fuerteventura, Gran Canaria, Gomera, Palma y Hierro.<\/p>\n<p><a href=\"https:\/\/ccapitalia.net\/galeria\/main.php?g2_itemId=20148\"><img loading=\"lazy\" decoding=\"async\" class=\" wp-image-5319 aligncenter\" src=\"https:\/\/ccapitalia.net\/wp-content\/uploads\/2024\/12\/Compa\u00f1ia-Concesionaria-del-Servicio-P\u00fablico-Espa\u00f1ol-de-Telegraf\u00eda-sin-Hilos.jpg\" alt=\"\" width=\"520\" height=\"498\" srcset=\"https:\/\/ccapitalia.net\/wp-content\/uploads\/2024\/12\/Compa\u00f1ia-Concesionaria-del-Servicio-P\u00fablico-Espa\u00f1ol-de-Telegraf\u00eda-sin-Hilos.jpg 700w, https:\/\/ccapitalia.net\/wp-content\/uploads\/2024\/12\/Compa\u00f1ia-Concesionaria-del-Servicio-P\u00fablico-Espa\u00f1ol-de-Telegraf\u00eda-sin-Hilos-300x287.jpg 300w, https:\/\/ccapitalia.net\/wp-content\/uploads\/2024\/12\/Compa\u00f1ia-Concesionaria-del-Servicio-P\u00fablico-Espa\u00f1ol-de-Telegraf\u00eda-sin-Hilos-500x479.jpg 500w\" sizes=\"auto, (max-width: 520px) 100vw, 520px\" \/><\/a><\/p>\n<p>Aquella f\u00f3rmula no fue del agrado del Cuerpo de Tel\u00e9grafos porque supon\u00eda una intromisi\u00f3n en sus competencias y, adem\u00e1s, estas estaciones costeras eran percibidas como una amenaza que se integraba en la (su) red telegr\u00e1fica fija. Tampoco fascino a las empresas candidatas que entendieron que aquella subasta estaba muy limitada econ\u00f3micamente (los 2,3 millones) y que ser\u00eda imposible cumplir con lo pactado. Finalmente, la concesi\u00f3n fue adjudicada a la \u00fanica empresa que se present\u00f3, Oerlikon, una compa\u00f1\u00eda que ya operaba en Espa\u00f1a y formaba parte de la sociedad suiza del mismo nombre dedicada a maquinaria el\u00e9ctrica. Para salvar el obst\u00e1culo donde se solicitaba que la empresa concesionaria fuese espa\u00f1ola, se constituy\u00f3 la <strong>Compa\u00f1\u00eda Concesionaria del Servicio P\u00fablico Espa\u00f1ol de Telegraf\u00eda sin Hilos<\/strong>.<\/p>\n<p>En aquella Compa\u00f1\u00eda Concesionaria tambi\u00e9n participaba en calidad de socio tecnol\u00f3gico la <strong>Compagnie Fran\u00e7aise de T\u00e9l\u00e9graphie sans Fil et d&#8217;Applications \u00c9lectriques<\/strong>. Uno de los primeros pasos de esta empresa se sit\u00faa en 1902 en su intento de introducirse en Espa\u00f1a a trav\u00e9s de la <strong>Sociedad An\u00f3nima Espa\u00f1ola de Telegraf\u00eda y Telefon\u00eda sin Hilos <\/strong>de Julio Cervera Baviera. A pesar de su supuesta pericia t\u00e9cnica no fueron capaces de poner en marcha ninguna estaci\u00f3n y, hacia el oto\u00f1o de 1910 y tras varias moratorias, la empresa ser\u00eda absorbida por la Marconi Wireless a qui\u00e9n se traspasaron sus obligaciones y derechos en una nueva sociedad creada en diciembre de 1910: la <strong>Compa\u00f1\u00eda Nacional de Telegraf\u00eda sin Hilos<\/strong>.<\/p>\n<p><a href=\"https:\/\/ccapitalia.net\/galeria\/main.php?g2_itemId=19153&amp;g2_imageViewsIndex=1\"><img loading=\"lazy\" decoding=\"async\" class=\"aligncenter \" src=\"https:\/\/ccapitalia.net\/galeria\/main.php?g2_view=core.DownloadItem&amp;g2_itemId=19155&amp;g2_serialNumber=2\" width=\"520\" height=\"397\" \/><\/a><\/p>\n<p><strong>Marconi&#8217;s Wireless Telegraph Company<\/strong><br \/>\nDesde su fundaci\u00f3n la Marconi Wireless entend\u00eda la radiotelegraf\u00eda como un servicio \u201cllave en mano\u201d que arrancaba con la construcci\u00f3n de las estaciones y el suministro de los equipos radio, e inclu\u00eda la formaci\u00f3n y asignaci\u00f3n de los operadores radiotelegrafistas. Este es el modelo que se adopt\u00f3 en la Compa\u00f1\u00eda Nacional permitiendo al Estado espa\u00f1ol, o a navieras como la <strong>Trasatl\u00e1ntica<\/strong>, desentenderse de los entresijos del servicio, pero a la vez, fortalec\u00eda la posici\u00f3n monopol\u00edstica de la Marconi Wireless al tener el control de cada estaci\u00f3n radiotelegr\u00e1fica. Un ejemplo de este estatus implicaba que el radiotelegrafista de un crucero, en su <strong>\u201csala Marconi\u201d<\/strong>, atend\u00eda y <a href=\"https:\/\/ccapitalia.net\/galeria\/main.php?g2_itemId=19367\">cobraba a los pasajeros<\/a> por el servicio de env\u00edo y recepci\u00f3n de <strong>\u201cmarconigramas\u201d<\/strong> personales. Otra tarea peculiar de estos radiotelegrafistas ten\u00eda que ver con la recepci\u00f3n de las noticias que se produc\u00edan en el continente para publicarlas, al d\u00eda siguiente, en un <a href=\"https:\/\/ccapitalia.net\/galeria\/main.php?g2_itemId=19127\">diario impreso que se pod\u00eda adquirir en el propio buque<\/a>. En resumen, para la Marconi Wireless la radiotelegraf\u00eda se hab\u00eda convertido en una tecnolog\u00eda alrededor de la cual incrementar sus ganancias con servicios de todo tipo, no existiendo una clara diferencia entre las comunicaciones de apoyo a la navegaci\u00f3n del resto de atribuciones.<\/p>\n<p>Parad\u00f3jicamente, la Marconi Wireless fue una de las empresas que rehus\u00f3 presentarse a la subasta de las estaciones costeras planificadas por Espa\u00f1a. Incluso, fue el propio Guillermo Marconi qui\u00e9n estim\u00f3 que su coste rondaba los 7 millones de pesetas, muy por encima de los 2,3 millones presupuestados. \u00bfQu\u00e9 hab\u00eda cambiado para sacar del aprieto al Estado espa\u00f1ol? F\u00e1cil. Atrapados en la desesperaci\u00f3n, el Gobierno dio carta blanca a la Marconi Wireless para repensar el proyecto y plantearlo de tal forma que este fuera rentable y t\u00e9cnicamente viable. A fin de cuentas, esta era la compa\u00f1\u00eda de mundo que m\u00e1s sab\u00eda de radiotelegraf\u00eda y de la prestaci\u00f3n de este servicio.<\/p>\n<p><a href=\"https:\/\/ccapitalia.net\/galeria\/main.php?g2_itemId=19139\"><img loading=\"lazy\" decoding=\"async\" class=\"aligncenter \" src=\"https:\/\/ccapitalia.net\/galeria\/main.php?g2_view=core.DownloadItem&amp;g2_itemId=19139&amp;g2_serialNumber=1\" width=\"520\" height=\"743\" \/><\/a><\/p>\n<p>Resumidamente, nuestra Compa\u00f1\u00eda Nacional de Tel\u00e9grafos sin Hilos dedic\u00f3 el a\u00f1o 1911 a poner a punto un primer grupo de estaciones: <a href=\"https:\/\/ccapitalia.net\/galeria\/main.php?g2_itemId=19149\">Barcelona-El Prat<\/a>, C\u00e1diz, Tenerife y Las Palmas. Al a\u00f1o siguiente entrar\u00edan en servicio Vigo, S\u00f3ller y una nueva estaci\u00f3n central de gran potencia que no estaba en los planes originales: <a href=\"https:\/\/ccapitalia.net\/galeria\/main.php?g2_itemId=19137\"><strong>Madrid-Aranjuez<\/strong><\/a>. La idea era que esta estaci\u00f3n hiciese de punto central de las costeras para el intercambio de mensajes entre ellas y, adem\u00e1s, permitiese el enlace con Gran Breta\u00f1a. Evidentemente, sobre el papel no se cumpl\u00eda con lo acordado ya que el Gobierno solicitaba 24 estaciones, pero, en cambio, aquella disposici\u00f3n parec\u00eda ser m\u00e1s eficiente y barata <a href=\"https:\/\/ccapitalia.net\/galeria\/main.php?g2_itemId=20154\">(Visita a la estaci\u00f3n y malestar en el Cuerpo de Tel\u00e9grafos en 1921)<\/a>.<\/p>\n<p>En diciembre de 1911, la reci\u00e9n inaugurada estaci\u00f3n costera de C\u00e1diz, demostr\u00f3 una eficacia ejemplar al cooperar en el salvamento de las casi 200 personas a bordo de vapor <strong>SS Delhi<\/strong> cuando este naufrag\u00f3 al norte de Marruecos, en cambio, el tr\u00e1gico incidente del <strong>RMS Titanic <\/strong>de la naviera <strong>White Star Line <\/strong>en la noche del 14 al 15 de abril de 1912, evidenci\u00f3 errores como que los radiotelegrafistas de la Marconi Wireless, Phillips y Bride, al estar ocupados cursando los mensajes del pasaje, no escucharan los mensajes de los mercantes <strong>SS Mesaba<\/strong> y <strong>SS Californian<\/strong> alert\u00e1ndoles de la existencia de bloques de hielo en la ruta que segu\u00edan. Adem\u00e1s, al ser personal externo, aquellos operadores no estaban integrados con claridad en la cadena de mando del buque y carec\u00edan de unos protocolos claros para mantener constantemente informadas a una o m\u00e1s estaciones costeras, al Capit\u00e1n <strong>Edward John Smith (1850-1912)<\/strong>, ni el proceder ante semejante situaci\u00f3n, como el uso del mensaje de socorro SOS frente al c\u00f3digo CQD\u2026 A pesar de todo, gracias al heroico operador <strong>John George Phillips (1887-1912) <\/strong>se logr\u00f3 salvar m\u00e1s de 700 de vidas.<\/p>\n<p><a href=\"https:\/\/ccapitalia.net\/galeria\/main.php?g2_itemId=19135\"><img loading=\"lazy\" decoding=\"async\" class=\"aligncenter \" src=\"https:\/\/ccapitalia.net\/galeria\/main.php?g2_view=core.DownloadItem&amp;g2_itemId=19135&amp;g2_serialNumber=1\" width=\"520\" height=\"792\" \/><\/a><\/p>\n<p>Volviendo a la red radiotelegr\u00e1fica de la Compa\u00f1\u00eda Nacional de Telegraf\u00eda sin Hilos, las sospechas del Cuerpo de Tel\u00e9grafos se cumplieron, y aquella arquitectura radial permit\u00eda prescindir de ellos y facilitaba a la Compa\u00f1\u00eda Nacional competir libremente como un operador de telegraf\u00eda aut\u00f3nomo. En este sentido, en julio de 1912, la citada Compa\u00f1\u00eda Nacional de Tel\u00e9grafos sin Hilos consigui\u00f3 del Gobierno una autorizaci\u00f3n para poder abrir en las ciudades oficinas de atenci\u00f3n al p\u00fablico para el env\u00edo y recepci\u00f3n de telegramas. El propio Guillermo Marconi se implic\u00f3 personalmente y, <a href=\"https:\/\/ccapitalia.net\/galeria\/main.php?g2_itemId=18305\">en su visita a Madrid en mayo de 1912 deslumbr\u00f3 al Rey<\/a>, al <a href=\"https:\/\/ccapitalia.net\/galeria\/main.php?g2_itemId=20168\">Gobierno y todas sus \u00e9lites<\/a> y, en general, a toda la sociedad espa\u00f1ola que ensalzaba su figura como el inventor de la radio, y la persona que hab\u00eda salvado a cientos de personas tras el naufragio del Titanic&#8230;<\/p>\n<p><strong>Conferencia Internacional de Radiotelegraf\u00eda de 1912<\/strong><br \/>\nDurante los meses de junio y julio de 1912 tuvo lugar en Londres la <strong>Segunda Conferencia Internacional de Radiotelegraf\u00eda<\/strong>. Esta Conferencia estuvo marcada por el desastre del Titanic y puso el acento en la seguridad mar\u00edtima y en los protocolos que se deb\u00edan seguir en cada estaci\u00f3n radiotelegr\u00e1fica. Entre los acuerdos ratificados destaca la obligaci\u00f3n de <strong>establecer turnos de guardia en buques y estaciones radiotelegr\u00e1ficas<\/strong> para asegurar la vigilancia constante. Adem\u00e1s, se fij\u00f3 la <strong>longitud de onda de 600 metros<\/strong> como canal preferente para realizar llamadas de emergencia y de socorro, y que estas estuvieran precedidas del <strong>mensaje de socorro SOS<\/strong> para tener prioridad absoluta frente a otras comunicaciones. Tambi\u00e9n quedaba universalizada la neutralidad de la red radiotelegr\u00e1fica y la interoperabilidad entre equipos, estando <strong>obligadas todas las estaciones a atender cualquier mensaje de socorro<\/strong> sin importar el operador, su sistema y fabricante.<\/p>\n<p>Otro compromiso alcanzado en Londres fue la regulaci\u00f3n de la capacitaci\u00f3n de los radiotelegrafistas, y que \u00e9sta estuviera bajo el control de cada uno de los estados firmantes a trav\u00e9s del establecimiento de <strong>Escuelas Oficiales<\/strong>. En el caso espa\u00f1ol, para cumplir con esta obligaci\u00f3n, recay\u00f3 en el Cuerpo de Tel\u00e9grafos la responsabilidad de poner en marcha la <strong>Escuela General de Telegraf\u00eda<\/strong> en junio de 1913. A partir de este momento, para que cualquier telegrafista pudiera ejercer en una red civil, ten\u00eda que cursar estudios en ella truncando levemente las ambiciones monopol\u00edsticas de la Marconi Wireless <a href=\"https:\/\/ccapitalia.net\/galeria\/main.php?g2_itemId=20150\">(Malestar del Cuerpo de Tel\u00e9grafos en 1920)<\/a>.<\/p>\n<p>En sus inicios, el plan de formaci\u00f3n de esta Escuela General de Telegraf\u00eda constaba de tres m\u00f3dulos, en el primero de ellos se cubr\u00edan los conocimientos elementales de telefon\u00eda, telegraf\u00eda y de radiotelegraf\u00eda. Tras este curso se pod\u00eda optar al siguiente m\u00f3dulo para ingresar en el Cuerpo de Tel\u00e9grafos. Si se superaba esta formaci\u00f3n, es decir, si el candidato ya era <strong>Oficial de Tel\u00e9grafos<\/strong>, pod\u00eda acceder al \u00faltimo m\u00f3dulo de <strong>Estudios Superiores<\/strong> para la obtenci\u00f3n del t\u00edtulo de <strong>Ingeniero<\/strong>. En la colecci\u00f3n pod\u00e9is consultar parte de la cartilla que segu\u00edan los estudiantes de la Escuela General de Telegraf\u00eda. De ella he recogido los esquemas dedicados al estudio de los <a href=\"https:\/\/ccapitalia.net\/galeria\/main.php?g2_itemId=18760&amp;g2_imageViewsIndex=1\">fundamentos de telefon\u00eda<\/a>, <a href=\"https:\/\/ccapitalia.net\/galeria\/main.php?g2_itemId=18766&amp;g2_imageViewsIndex=1\">sistema Siemens<\/a>, <a href=\"https:\/\/ccapitalia.net\/galeria\/main.php?g2_itemId=18769&amp;g2_imageViewsIndex=1\">Western Electric<\/a>, <a href=\"https:\/\/ccapitalia.net\/galeria\/main.php?g2_itemId=18763&amp;g2_imageViewsIndex=1\">Kellogg<\/a> y <a href=\"https:\/\/ccapitalia.net\/galeria\/main.php?g2_itemId=18803&amp;g2_imageViewsIndex=1\">Ericsson<\/a>, el <a href=\"https:\/\/ccapitalia.net\/galeria\/main.php?g2_itemId=19072&amp;g2_imageViewsIndex=1\">sistema telegr\u00e1fico Hughes d\u00faplex Santano<\/a>, <a href=\"https:\/\/ccapitalia.net\/galeria\/main.php?g2_itemId=19081&amp;g2_imageViewsIndex=1\">telegraf\u00eda submarina<\/a>, <a href=\"https:\/\/ccapitalia.net\/galeria\/main.php?g2_itemId=20028&amp;g2_imageViewsIndex=1\">estaci\u00f3n radiotelegr\u00e1fica Telefunken<\/a>, <a href=\"https:\/\/ccapitalia.net\/galeria\/main.php?g2_itemId=19069&amp;g2_imageViewsIndex=1\">Marconi<\/a>, <a href=\"https:\/\/ccapitalia.net\/galeria\/main.php?g2_itemId=19078&amp;g2_imageViewsIndex=1\">sintonizador Marconi<\/a>, <a href=\"https:\/\/ccapitalia.net\/galeria\/main.php?g2_itemId=19066&amp;g2_imageViewsIndex=1\">aparato m\u00faltiple Baudot<\/a> y <a href=\"https:\/\/ccapitalia.net\/galeria\/main.php?g2_itemId=19075&amp;g2_imageViewsIndex=1\">manipulador Baudot de Mierich-Siemens<\/a>. <strong>[Continuar\u00e1]<\/strong>.<\/p>\n<p><a href=\"https:\/\/ccapitalia.net\/galeria\/main.php?g2_itemId=18231\">Colecci\u00f3n<\/a> | <a href=\"http:\/\/www.ccapitalia.net\/?p=3020\">Tel\u00e9grafo y Telecomunicaci\u00f3n<\/a> | <a href=\"http:\/\/www.ccapitalia.net\/?p=3447\">Marconi y el D\u00eda Internacional de la Radio<\/a> | <a href=\"http:\/\/www.ccapitalia.net\/?p=2183\">Telegraf\u00eda y Telefon\u00eda<\/a> | <a href=\"http:\/\/www.ccapitalia.net\/?p=3040\">Construcci\u00f3n de un Tel\u00e9grafo<\/a> | <a href=\"https:\/\/ccapitalia.net\/?p=5208\">La radio en Espa\u00f1a. Pioneros (1)<\/a><\/p>\n","protected":false},"excerpt":{"rendered":"<p>Adolfo Garc\u00eda Yag\u00fce | La radiotelegraf\u00eda, como aplicaci\u00f3n directa de la radio, fue una revoluci\u00f3n en la que varias naciones -incluida la nuestra- tomaron posiciones ante la carrera tecnol\u00f3gica que se avecinaba. En Espa\u00f1a, tras las experiencias de 1901 del comandante Julio Cervera Baviera (1854-1927), so\u00f1\u00e1bamos con alcanzar el liderazgo gracias a las patentes que [&hellip;]<\/p>\n","protected":false},"author":3,"featured_media":0,"comment_status":"closed","ping_status":"closed","sticky":false,"template":"","format":"standard","meta":{"footnotes":""},"categories":[639,640],"tags":[862,865,867,864,712,866,861,863,860],"class_list":["post-5293","post","type-post","status-publish","format-standard","hentry","category-coleccion","category-historia-telecomunicaciones","tag-centro-electrotecnico-y-de-comunicaciones","tag-compania-concesionaria-del-servicio-publico-espanol-de-telegrafia-sin-hilos","tag-compania-nacional-de-telegrafos-sin-hilos","tag-estacion-radiotelegrafica-almeria","tag-marconi","tag-marconis-wireless","tag-red-radiotelegrafica-militar-permanente","tag-sos","tag-telefunken"],"_links":{"self":[{"href":"https:\/\/ccapitalia.net\/index.php?rest_route=\/wp\/v2\/posts\/5293","targetHints":{"allow":["GET"]}}],"collection":[{"href":"https:\/\/ccapitalia.net\/index.php?rest_route=\/wp\/v2\/posts"}],"about":[{"href":"https:\/\/ccapitalia.net\/index.php?rest_route=\/wp\/v2\/types\/post"}],"author":[{"embeddable":true,"href":"https:\/\/ccapitalia.net\/index.php?rest_route=\/wp\/v2\/users\/3"}],"replies":[{"embeddable":true,"href":"https:\/\/ccapitalia.net\/index.php?rest_route=%2Fwp%2Fv2%2Fcomments&post=5293"}],"version-history":[{"count":44,"href":"https:\/\/ccapitalia.net\/index.php?rest_route=\/wp\/v2\/posts\/5293\/revisions"}],"predecessor-version":[{"id":5545,"href":"https:\/\/ccapitalia.net\/index.php?rest_route=\/wp\/v2\/posts\/5293\/revisions\/5545"}],"wp:attachment":[{"href":"https:\/\/ccapitalia.net\/index.php?rest_route=%2Fwp%2Fv2%2Fmedia&parent=5293"}],"wp:term":[{"taxonomy":"category","embeddable":true,"href":"https:\/\/ccapitalia.net\/index.php?rest_route=%2Fwp%2Fv2%2Fcategories&post=5293"},{"taxonomy":"post_tag","embeddable":true,"href":"https:\/\/ccapitalia.net\/index.php?rest_route=%2Fwp%2Fv2%2Ftags&post=5293"}],"curies":[{"name":"wp","href":"https:\/\/api.w.org\/{rel}","templated":true}]}}