{"id":451,"date":"2010-05-26T09:48:27","date_gmt":"2010-05-26T08:48:27","guid":{"rendered":"http:\/\/www.ccapitalia.net\/?p=451"},"modified":"2024-05-06T07:06:00","modified_gmt":"2024-05-06T06:06:00","slug":"despedida-en-radar-electronic-sounds-bar","status":"publish","type":"post","link":"https:\/\/ccapitalia.net\/?p=451","title":{"rendered":"Despedida en Radar (Electronic Sounds Bar)"},"content":{"rendered":"<p><a href=\"..\/?page_id=2#agy\">Adolfo Garc\u00eda<\/a> | El siguiente documento habla por si mismo. Con la idea de rendir un peque\u00f1o homenaje a Sevi, la noche que <a href=\"https:\/\/ccapitalia.net\/radar\/informacion\/index.html\">Radar<\/a> cerr\u00f3, compromet\u00ed a todo aquel que se dej\u00f3 para que compartiera sentimientos y recuerdos de estos trece a\u00f1os de historia. Poco m\u00e1s puedo a\u00f1adir\u2026<\/p>\n<p>Sevi, te queremos. Gracias por estos a\u00f1os.<\/p>\n<p><iframe loading=\"lazy\" title=\"Radar (Electronic Sounds Bar) - No-fiesta de despedida - Fragmento 1\" width=\"500\" height=\"281\" src=\"https:\/\/www.youtube.com\/embed\/39ZspzpeXyk?list=PL39234F0429F55327\" frameborder=\"0\" allow=\"accelerometer; autoplay; clipboard-write; encrypted-media; gyroscope; picture-in-picture; web-share\" referrerpolicy=\"strict-origin-when-cross-origin\" allowfullscreen><\/iframe><\/p>\n","protected":false},"excerpt":{"rendered":"<p>Adolfo Garc\u00eda | El siguiente documento habla por si mismo. Con la idea de rendir un peque\u00f1o homenaje a Sevi, la noche que Radar cerr\u00f3, compromet\u00ed a todo aquel que se dej\u00f3 para que compartiera sentimientos y recuerdos de estos trece a\u00f1os de historia. Poco m\u00e1s puedo a\u00f1adir\u2026 Sevi, te queremos. Gracias por estos a\u00f1os.<\/p>\n","protected":false},"author":3,"featured_media":0,"comment_status":"open","ping_status":"open","sticky":false,"template":"","format":"standard","meta":{"footnotes":""},"categories":[14,227],"tags":[],"class_list":["post-451","post","type-post","status-publish","format-standard","hentry","category-musica-electronica","category-radar-bar"],"_links":{"self":[{"href":"https:\/\/ccapitalia.net\/index.php?rest_route=\/wp\/v2\/posts\/451","targetHints":{"allow":["GET"]}}],"collection":[{"href":"https:\/\/ccapitalia.net\/index.php?rest_route=\/wp\/v2\/posts"}],"about":[{"href":"https:\/\/ccapitalia.net\/index.php?rest_route=\/wp\/v2\/types\/post"}],"author":[{"embeddable":true,"href":"https:\/\/ccapitalia.net\/index.php?rest_route=\/wp\/v2\/users\/3"}],"replies":[{"embeddable":true,"href":"https:\/\/ccapitalia.net\/index.php?rest_route=%2Fwp%2Fv2%2Fcomments&post=451"}],"version-history":[{"count":12,"href":"https:\/\/ccapitalia.net\/index.php?rest_route=\/wp\/v2\/posts\/451\/revisions"}],"predecessor-version":[{"id":5098,"href":"https:\/\/ccapitalia.net\/index.php?rest_route=\/wp\/v2\/posts\/451\/revisions\/5098"}],"wp:attachment":[{"href":"https:\/\/ccapitalia.net\/index.php?rest_route=%2Fwp%2Fv2%2Fmedia&parent=451"}],"wp:term":[{"taxonomy":"category","embeddable":true,"href":"https:\/\/ccapitalia.net\/index.php?rest_route=%2Fwp%2Fv2%2Fcategories&post=451"},{"taxonomy":"post_tag","embeddable":true,"href":"https:\/\/ccapitalia.net\/index.php?rest_route=%2Fwp%2Fv2%2Ftags&post=451"}],"curies":[{"name":"wp","href":"https:\/\/api.w.org\/{rel}","templated":true}]}}