{"id":4231,"date":"2022-12-26T18:27:29","date_gmt":"2022-12-26T17:27:29","guid":{"rendered":"http:\/\/www.ccapitalia.net\/?p=4231"},"modified":"2023-01-22T12:09:45","modified_gmt":"2023-01-22T11:09:45","slug":"sonikas-20-14-y-15-de-enero-2023","status":"publish","type":"post","link":"https:\/\/ccapitalia.net\/?p=4231","title":{"rendered":"Sonikas 20 &#8211; 14 y 15 de Enero 2023"},"content":{"rendered":"<p><strong>Durante los d\u00edas 14 y 15 de enero del inminente 2023 se celebrar\u00e1 la vig\u00e9sima edici\u00f3n de Sonikas.<\/strong> Un hito que, seguramente, pasar\u00e1 discretamente por el panorama cultural madrile\u00f1o aunque llevamos dos d\u00e9cadas en activo. A pesar de este anonimato, durante los \u00faltimos 20 a\u00f1os la <strong>Asociaci\u00f3n Cultural CRC<\/strong>, con el apoyo de la <strong>Asociaci\u00f3n Vallecas Todocultura<\/strong>, el <strong>Excmo. Ayuntamiento de Madrid<\/strong> y la <strong>Comunidad de Madrid<\/strong> hemos hecho posible este festival internacional que, sin duda, se ha convertido en un referente del <strong>Arte Sonoro y la M\u00fasica Experimental.<\/strong><\/p>\n<p><a href=\"https:\/\/ccapitalia.net\/crc\/sonikas20\/\"><img loading=\"lazy\" decoding=\"async\" class=\"aligncenter wp-image-4239\" src=\"http:\/\/www.ccapitalia.net\/wp-content\/uploads\/2022\/12\/Sonikas20.jpg\" alt=\"\" width=\"520\" height=\"736\" srcset=\"https:\/\/ccapitalia.net\/wp-content\/uploads\/2022\/12\/Sonikas20.jpg 724w, https:\/\/ccapitalia.net\/wp-content\/uploads\/2022\/12\/Sonikas20-212x300.jpg 212w, https:\/\/ccapitalia.net\/wp-content\/uploads\/2022\/12\/Sonikas20-354x500.jpg 354w\" sizes=\"auto, (max-width: 520px) 100vw, 520px\" \/><\/a><\/p>\n<p>Gracias a todo el equipo humano de los <strong>Centros Culturales Lope de Vega<\/strong>, <strong>Pilar Mir\u00f3<\/strong> y <strong>Paco Rabal<\/strong> por acogernos y prestarnos todo tipo de facilidades. Tambi\u00e9n queremos extender este agradecimiento a los m\u00e1s de <strong>200 artistas<\/strong> que han confiado en nosotros y han hecho de Sonikas un peque\u00f1o milagro y, por \u00faltimo, <strong>Gracias a tod@s vosotr@s<\/strong> por acompa\u00f1arnos durante todo este tiempo.<\/p>\n<p><strong>S\u00e1bado, 14 de Enero:<\/strong><br \/>\n20h. <strong>Susana L\u00f3pez aka Susana Drone.<\/strong><br \/>\n21h. <strong>Nilo Gallego.<\/strong><\/p>\n<p><strong>Domingo, 15 de Enero:<\/strong><br \/>\n20h. <strong>A.Q.V.<\/strong><br \/>\n21h. <strong>Sergio Luque presenta \u00abIt&#8217;s Happening Again\u00bb (12m) y ser\u00e1 el responsable de la difusi\u00f3n sonora de las obras de Iannis Xenakis, Concret PH (1958), Bohor (1962), GENDY3 (1991).<\/strong><\/p>\n<p><a href=\"https:\/\/ccapitalia.net\/galeria\/main.php?g2_itemId=17907\">Fotos de su participaci\u00f3n<\/a> | <a href=\"https:\/\/scherzo.es\/madrid-xenakis-clausura-el-sonikas-20\/\">Art\u00edculo en Scherzo<\/a> |\u00a0 <a href=\"https:\/\/ccapitalia.net\/crc\/sonikas20\/\">www.ccapitalia.net\/crc<\/a><\/p>\n<p><strong>Centro Cultural Lope de Vega<\/strong>, c\/ Concejo de Teverga \u2013 Madrid.<\/p>\n<p>Acceso gratuito.<\/p>\n","protected":false},"excerpt":{"rendered":"<p>Durante los d\u00edas 14 y 15 de enero del inminente 2023 se celebrar\u00e1 la vig\u00e9sima edici\u00f3n de Sonikas. Un hito que, seguramente, pasar\u00e1 discretamente por el panorama cultural madrile\u00f1o aunque llevamos dos d\u00e9cadas en activo. A pesar de este anonimato, durante los \u00faltimos 20 a\u00f1os la Asociaci\u00f3n Cultural CRC, con el apoyo de la Asociaci\u00f3n [&hellip;]<\/p>\n","protected":false},"author":1,"featured_media":0,"comment_status":"closed","ping_status":"closed","sticky":false,"template":"","format":"standard","meta":{"footnotes":""},"categories":[103,14,3],"tags":[787,789,788,790,786,791,351,785,784,169],"class_list":["post-4231","post","type-post","status-publish","format-standard","hentry","category-arte-sonoro","category-musica-electronica","category-sonikas","tag-a-q-v","tag-bohor","tag-concret-ph","tag-gendy3","tag-nilo-gallego","tag-sergio-luque","tag-sonikas","tag-susana-drone","tag-susana-lopez","tag-xenakis"],"_links":{"self":[{"href":"https:\/\/ccapitalia.net\/index.php?rest_route=\/wp\/v2\/posts\/4231","targetHints":{"allow":["GET"]}}],"collection":[{"href":"https:\/\/ccapitalia.net\/index.php?rest_route=\/wp\/v2\/posts"}],"about":[{"href":"https:\/\/ccapitalia.net\/index.php?rest_route=\/wp\/v2\/types\/post"}],"author":[{"embeddable":true,"href":"https:\/\/ccapitalia.net\/index.php?rest_route=\/wp\/v2\/users\/1"}],"replies":[{"embeddable":true,"href":"https:\/\/ccapitalia.net\/index.php?rest_route=%2Fwp%2Fv2%2Fcomments&post=4231"}],"version-history":[{"count":23,"href":"https:\/\/ccapitalia.net\/index.php?rest_route=\/wp\/v2\/posts\/4231\/revisions"}],"predecessor-version":[{"id":4277,"href":"https:\/\/ccapitalia.net\/index.php?rest_route=\/wp\/v2\/posts\/4231\/revisions\/4277"}],"wp:attachment":[{"href":"https:\/\/ccapitalia.net\/index.php?rest_route=%2Fwp%2Fv2%2Fmedia&parent=4231"}],"wp:term":[{"taxonomy":"category","embeddable":true,"href":"https:\/\/ccapitalia.net\/index.php?rest_route=%2Fwp%2Fv2%2Fcategories&post=4231"},{"taxonomy":"post_tag","embeddable":true,"href":"https:\/\/ccapitalia.net\/index.php?rest_route=%2Fwp%2Fv2%2Ftags&post=4231"}],"curies":[{"name":"wp","href":"https:\/\/api.w.org\/{rel}","templated":true}]}}