{"id":422,"date":"2010-05-01T07:53:26","date_gmt":"2010-05-01T06:53:26","guid":{"rendered":"http:\/\/www.ccapitalia.net\/?p=422"},"modified":"2024-03-26T17:46:07","modified_gmt":"2024-03-26T16:46:07","slug":"sociedad-de-la-informacion-y-mineria-de-datos","status":"publish","type":"post","link":"https:\/\/ccapitalia.net\/?p=422","title":{"rendered":"Sociedad de la Informaci\u00f3n y miner\u00eda de datos"},"content":{"rendered":"<p><a href=\"..\/?page_id=2#agy\">Adolfo Garc\u00eda<\/a> | Ayer el Consejo de Ministros aprob\u00f3 un plan para suprimir 29 empresas p\u00fablicas y 32 altos cargos de la Administraci\u00f3n y as\u00ed ahorrar 16 millones de euros. Entre los \u00f3rganos afectados desaparecer\u00e1 la <strong>Direcci\u00f3n General para el Desarrollo de la Sociedad de la Informaci\u00f3n<\/strong>, dependiente del Ministerio de Industria, Turismo y Comercio. No puedo decir que me sorprenda, y tampoco creo que tenga consecuencias relevantes para el ciudadano. En cualquier caso, esta noticia me da pie para compartir algunas reflexiones.<\/p>\n<p>La <strong>Sociedad de la Informaci\u00f3n<\/strong> es una bonita etiqueta para definir el mundo en el que vivimos. Sin lugar a dudas, esta denominaci\u00f3n encierra un poderoso atractivo que la relaciona con el acceso democr\u00e1tico a la informaci\u00f3n y la comunicaci\u00f3n global entre personas. Por esta raz\u00f3n, entre los quehaceres del Ministerio de Industria, se ha intentado fomentar el progreso social y econ\u00f3mico a trav\u00e9s del acceso a redes de datos y consumo de informaci\u00f3n. M\u00e1s all\u00e1 de esta visi\u00f3n tan idealista, el t\u00e9rmino Sociedad de la Informaci\u00f3n esconde otro significado menos saludable y a la vez m\u00e1s real e inquietante. Me refiero al hecho de que nuestras vidas y sociedades est\u00e1n dirigidas por los datos y la interpretaci\u00f3n de estos.<\/p>\n<p><img decoding=\"async\" class=\"alignleft\" src=\"https:\/\/ccapitalia.net\/img\/sociedad-datos.jpg\" alt=\"\" width=\"300\" \/><a href=\"https:\/\/ccapitalia.net\/?p=2137\">La miner\u00eda de datos<\/a>, es decir, la recolecci\u00f3n informaci\u00f3n y su posterior an\u00e1lisis es la aut\u00e9ntica esencia de la Sociedad de la Informaci\u00f3n. Instituciones p\u00fablicas y entidades financieras son un ejemplo de organizaciones que necesitan conocer detalles de nuestra cotidianeidad para poder tomar decisiones. A veces, la posesi\u00f3n de informaci\u00f3n, su manipulaci\u00f3n e interpretaci\u00f3n interesada tiene consecuencias desastrosas, especialmente cuando se trata de la clase pol\u00edtica. No es muy dif\u00edcil asistir a intervenciones donde, flagrantemente, se falsean o malinterpretan datos para justificar una u otra pol\u00edtica\u2026 \u00bfY qu\u00e9 podemos decir de aquellas compa\u00f1\u00edas que invaden la intimidad de nuestro hogar -o correo electr\u00f3nico- ofreci\u00e9ndonos productos a la medida de nuestras necesidades? Por \u00faltimo, seguro que todos conocemos alguna p\u00e1gina en Internet que nos ha sorprendido presentando nuestros datos personales, domicilio, tel\u00e9fono, etc. Caramba, ahora que me doy cuenta \u00bfNo ser\u00e1 m\u00e1s acertado emplear el t\u00e9rmino <strong>Informaci\u00f3n de la Sociedad<\/strong>?<\/p>\n<p>Contra lo que muchos puedan pensar la miner\u00eda de datos no es nueva. De hecho es bastante anterior a la existencia de ordenadores y redes de datos. Esta hunde sus ra\u00edces en los albores de otra Sociedad -esta vez la Industrial- a comienzos del siglo XIX en Inglaterra. All\u00ed apareci\u00f3 una corriente de pensamiento denominada <strong>utilitarismo<\/strong> que influy\u00f3 notablemente en la vida pol\u00edtica y econ\u00f3mica del pa\u00eds. Al igual que siglos antes <strong>Francis Bacon (1561-1626)<\/strong> lleg\u00f3 a la conclusi\u00f3n de que el \u00fanico camino para desentra\u00f1ar los misterios de la naturaleza era -partiendo de una posici\u00f3n esc\u00e9ptica- observar, tomar mediciones (datos) e interpretar estos, los utilitaristas se dieron cuenta de la importancia de recoger datos de cualquier aspecto de la vida en sociedad\u00a0 para, posteriormente, interpretarlos y tomar decisiones pol\u00edticas\u2026 A la cabeza de este movimiento estaba el exc\u00e9ntrico <strong>Jeremy Benthan (1748 \u2013 1832)<\/strong>.<\/p>\n<p>Cada d\u00eda es m\u00e1s dif\u00edcil establecer los l\u00edmites en el acceso y manipulaci\u00f3n a los datos que definen nuestra vida y costumbres porque, al vivir en un <a href=\"https:\/\/ccapitalia.net\/?p=2159\">mundo dominado por la tecnolog\u00eda<\/a>, vamos dejando (consciente o inconscientemente) tras nuestros pasos un reguero de valiosa informaci\u00f3n. Es este sentido es oportuno recordar la regulaci\u00f3n procedente de la Administraci\u00f3n P\u00fablica a trav\u00e9s de la Agencia de Protecci\u00f3n de Datos y\u00a0 la LOPD (Ley Org\u00e1nica de Protecci\u00f3n de Datos).<\/p>\n<p>Quiero acabar este post citando <strong>AbreDatos 2010<\/strong>. Este concurso se celebr\u00f3 los d\u00edas 17 y 18 de abril con la pretensi\u00f3n de generar un debate en torno a la necesidad de que los organismos p\u00fablicos proporcionen sus datos de forma accesible, para permitir su uso y reutilizaci\u00f3n por parte de los ciudadanos. Los participantes ten\u00edan como objetivo desarrollar una aplicaci\u00f3n en menos de 48 horas que hiciera uso de al menos una fuente de datos p\u00fablicos y transformara estos en informaci\u00f3n \u00fatil.<\/p>\n<p><strong>Direcci\u00f3n General Desarrollo de la Sociedad de la Informaci\u00f3n<\/strong> <a href=\"https:\/\/www.mityc.es\/dgdsi\" target=\"_blank\" rel=\"noopener noreferrer\">www.mityc.es\/dgdsi<\/a><br \/>\n<strong>Agencia de Protecci\u00f3n de Datos<\/strong> <a href=\"https:\/\/www.agpd.es\" target=\"_blank\" rel=\"noopener noreferrer\">www.agpd.es<\/a><br \/>\n<strong>AbreDatos 2010<\/strong> <a href=\"https:\/\/www.abredatos.es\" target=\"_blank\" rel=\"noopener noreferrer\">www.abredatos.es<\/a><br \/>\n<strong>Fuentes de Datos Abiertos en Espa\u00f1a<\/strong> <a href=\"https:\/\/datospublicos.jottit.com\/\" target=\"_blank\" rel=\"noopener noreferrer\">https:\/\/datospublicos.jottit.com\/<\/a><\/p>\n","protected":false},"excerpt":{"rendered":"<p>Adolfo Garc\u00eda | Ayer el Consejo de Ministros aprob\u00f3 un plan para suprimir 29 empresas p\u00fablicas y 32 altos cargos de la Administraci\u00f3n y as\u00ed ahorrar 16 millones de euros. Entre los \u00f3rganos afectados desaparecer\u00e1 la Direcci\u00f3n General para el Desarrollo de la Sociedad de la Informaci\u00f3n, dependiente del Ministerio de Industria, Turismo y Comercio. [&hellip;]<\/p>\n","protected":false},"author":3,"featured_media":0,"comment_status":"open","ping_status":"open","sticky":false,"template":"","format":"standard","meta":{"footnotes":""},"categories":[512,173,814,187],"tags":[171,87,170,172],"class_list":["post-422","post","type-post","status-publish","format-standard","hentry","category-analisis-de-datos","category-cibercultura","category-ciberseguridad","category-internet","tag-hackers","tag-sociedad-conocimiento","tag-sociedad-informacion","tag-utilitarismo"],"_links":{"self":[{"href":"https:\/\/ccapitalia.net\/index.php?rest_route=\/wp\/v2\/posts\/422","targetHints":{"allow":["GET"]}}],"collection":[{"href":"https:\/\/ccapitalia.net\/index.php?rest_route=\/wp\/v2\/posts"}],"about":[{"href":"https:\/\/ccapitalia.net\/index.php?rest_route=\/wp\/v2\/types\/post"}],"author":[{"embeddable":true,"href":"https:\/\/ccapitalia.net\/index.php?rest_route=\/wp\/v2\/users\/3"}],"replies":[{"embeddable":true,"href":"https:\/\/ccapitalia.net\/index.php?rest_route=%2Fwp%2Fv2%2Fcomments&post=422"}],"version-history":[{"count":13,"href":"https:\/\/ccapitalia.net\/index.php?rest_route=\/wp\/v2\/posts\/422\/revisions"}],"predecessor-version":[{"id":5001,"href":"https:\/\/ccapitalia.net\/index.php?rest_route=\/wp\/v2\/posts\/422\/revisions\/5001"}],"wp:attachment":[{"href":"https:\/\/ccapitalia.net\/index.php?rest_route=%2Fwp%2Fv2%2Fmedia&parent=422"}],"wp:term":[{"taxonomy":"category","embeddable":true,"href":"https:\/\/ccapitalia.net\/index.php?rest_route=%2Fwp%2Fv2%2Fcategories&post=422"},{"taxonomy":"post_tag","embeddable":true,"href":"https:\/\/ccapitalia.net\/index.php?rest_route=%2Fwp%2Fv2%2Ftags&post=422"}],"curies":[{"name":"wp","href":"https:\/\/api.w.org\/{rel}","templated":true}]}}