{"id":420,"date":"2010-04-23T08:14:17","date_gmt":"2010-04-23T07:14:17","guid":{"rendered":"http:\/\/www.ccapitalia.net\/?p=420"},"modified":"2024-03-26T17:46:55","modified_gmt":"2024-03-26T16:46:55","slug":"arte-sonoro","status":"publish","type":"post","link":"https:\/\/ccapitalia.net\/?p=420","title":{"rendered":"ARTe SONoro"},"content":{"rendered":"<p><strong><img loading=\"lazy\" decoding=\"async\" class=\"alignleft\" src=\"https:\/\/ccapitalia.net\/reso\/noticias\/10\/kirkegaard.jpg\" alt=\"\" width=\"201\" height=\"323\" \/>Del 23 de abril al 30 de junio La Casa Encendida organiza la primera exposici\u00f3n en Madrid dedicada al ARTe SONoro<\/strong>. La muestra, comisariada por Jos\u00e9 Manuel Costa, pretende acercar al espectador la gran variedad de formas y complejidad que adopta el arte sonoro a trav\u00e9s del trabajo que varios artistas nacionales e internacionales han desarrollado durante la \u00faltima d\u00e9cada. As\u00ed ARTe SONoro no es s\u00f3lo una exposici\u00f3n, sino tambi\u00e9n un festival de performance sonora, un ciclo de cine, m\u00fasica, radio, talleres\u2026<\/p>\n<p>La exposici\u00f3n propiamente dicha se desarrollar\u00e1 en varios espacios de La Casa Encendida (salas de exposiciones, escaleras, terraza, torre\u00f3n y reloj); en el jard\u00edn del Observatorio de Atocha. Colina de las ciencias y en varios espacios urbanos donde se encuentra ubicada La Casa Encendida.<\/p>\n<p>Asimismo, en La Casa Encendida se llevar\u00e1 a cabo una amplia panor\u00e1mica cinematogr\u00e1fica y musical en relaci\u00f3n con el Arte Sonoro. Con ello, un extenso cat\u00e1logo y talleres que tendr\u00e1n lugar avanzada la exposici\u00f3n.<\/p>\n<p>Dentro de la Casa Encendida se presentan obras de gran formato como la gran escultura Disenchanted Forest x 1001 de Angela Bulloch, una nueva obra de Ryoji Ikeda (test pattern [n\u00ba2]), una instalaci\u00f3n de Carsten Nicolai basada en sus obras Anti y Reflex, la escultura sonora \u201cmuda\u201d de Minoru Sato, entre otros.<\/p>\n<p>Pero tambi\u00e9n se presentan aquellos aspectos del Arte Sonoro que ocupan espacios en principio no expositivos que sorprenden a los visitantes en sus itinerarios por un edificio tan vivo y activo como es La Casa Encendida. La terraza opera como otra sala con trabajos de Chris Watson, Katja K\u00f6lle, Riches\/Miwa o Lloren\u00e7 Barber, que durante la duraci\u00f3n de ARTe SONoro revivir\u00e1 con sus campanas el ta\u00f1ido de las horas en el antiguo reloj-campanario de La Casa Encendida. En otros lugares, Douglas Kahn opera sobre una escaleras. Asimismo en diferentes lugares del edificio. La Sonidera ofrecer\u00e1 un programa auditivo que persigue trazar una panor\u00e1mica sobre las posibilidades art\u00edsticas de la radio.<\/p>\n<p>En el entorno de La Casa Encendida tendr\u00e1n lugar dos semanas de acciones y presentaciones de trabajos en espacios alternativos del barrio y en los jardines del Observatorio se montar\u00e1n instalaciones sonoras de Steve Roden, Dawn Scarfe, Dan Saint Claire, Jos\u00e9 Ig\u00e9s\/Concha Jer\u00e9z o el colectivo Escoitar.<\/p>\n<p>Por otra parte, tendr\u00e1 lugar un festival consagrado a la performance sonora en sus muy diferentes facetas, con artistas como Jakob Kirkegaard, Jean Francoise Laporte, Michael Northam, Aki Onda, Pablo Palacio y Muriel Romero e Ilios.<\/p>\n","protected":false},"excerpt":{"rendered":"<p>Del 23 de abril al 30 de junio La Casa Encendida organiza la primera exposici\u00f3n en Madrid dedicada al ARTe SONoro. La muestra, comisariada por Jos\u00e9 Manuel Costa, pretende acercar al espectador la gran variedad de formas y complejidad que adopta el arte sonoro a trav\u00e9s del trabajo que varios artistas nacionales e internacionales han [&hellip;]<\/p>\n","protected":false},"author":1,"featured_media":0,"comment_status":"open","ping_status":"open","sticky":false,"template":"","format":"standard","meta":{"footnotes":""},"categories":[103,14],"tags":[],"class_list":["post-420","post","type-post","status-publish","format-standard","hentry","category-arte-sonoro","category-musica-electronica"],"_links":{"self":[{"href":"https:\/\/ccapitalia.net\/index.php?rest_route=\/wp\/v2\/posts\/420","targetHints":{"allow":["GET"]}}],"collection":[{"href":"https:\/\/ccapitalia.net\/index.php?rest_route=\/wp\/v2\/posts"}],"about":[{"href":"https:\/\/ccapitalia.net\/index.php?rest_route=\/wp\/v2\/types\/post"}],"author":[{"embeddable":true,"href":"https:\/\/ccapitalia.net\/index.php?rest_route=\/wp\/v2\/users\/1"}],"replies":[{"embeddable":true,"href":"https:\/\/ccapitalia.net\/index.php?rest_route=%2Fwp%2Fv2%2Fcomments&post=420"}],"version-history":[{"count":3,"href":"https:\/\/ccapitalia.net\/index.php?rest_route=\/wp\/v2\/posts\/420\/revisions"}],"predecessor-version":[{"id":5002,"href":"https:\/\/ccapitalia.net\/index.php?rest_route=\/wp\/v2\/posts\/420\/revisions\/5002"}],"wp:attachment":[{"href":"https:\/\/ccapitalia.net\/index.php?rest_route=%2Fwp%2Fv2%2Fmedia&parent=420"}],"wp:term":[{"taxonomy":"category","embeddable":true,"href":"https:\/\/ccapitalia.net\/index.php?rest_route=%2Fwp%2Fv2%2Fcategories&post=420"},{"taxonomy":"post_tag","embeddable":true,"href":"https:\/\/ccapitalia.net\/index.php?rest_route=%2Fwp%2Fv2%2Ftags&post=420"}],"curies":[{"name":"wp","href":"https:\/\/api.w.org\/{rel}","templated":true}]}}