{"id":411,"date":"2010-04-17T20:48:45","date_gmt":"2010-04-17T19:48:45","guid":{"rendered":"http:\/\/www.ccapitalia.net\/?p=411"},"modified":"2024-03-26T17:48:22","modified_gmt":"2024-03-26T16:48:22","slug":"iannis-xenakis-abril-2010-ciclo-de-actividades","status":"publish","type":"post","link":"https:\/\/ccapitalia.net\/?p=411","title":{"rendered":"Iannis Xenakis. Abril 2010, ciclo de actividades"},"content":{"rendered":"<p><a href=\"https:\/\/ccapitalia.net\/galeria\/main.php?g2_itemId=15451&amp;g2_page=8\"><img loading=\"lazy\" decoding=\"async\" class=\"alignleft\" src=\"https:\/\/ccapitalia.net\/reso\/articulos\/pioneros\/xenakis.jpg\" alt=\"\" width=\"180\" height=\"268\" \/><\/a>Durante el mes de abril se ofrecer\u00e1 en diversas actividades un amplio panorama de su obra, incluyendo piezas sinf\u00f3nicas de gran formato, en las que se juega con la espacializaci\u00f3n del sonido de la orquesta y el p\u00fablico (dado que \u00e9ste se encuentra dentro de la propia orquesta), obras de c\u00e1mara, para instrumentos solistas, e incluso las arquitect\u00f3nicas, mediante una exposici\u00f3n que tendr\u00e1 lugar en el Auditorio y un di\u00e1logo entre m\u00fasica y arquitectura que se desarrollar\u00e1 en la <strong>Escuela T\u00e9cnica Superior de Arquitectura de Madrid<\/strong>. Los 2 conciertos programados se celebrar\u00e1n el 23 de abril en el <strong>Auditorio Nacional de M\u00fasica<\/strong>.<\/p>\n<p>Aparte de <a href=\"https:\/\/ccapitalia.net\/galeria\/main.php?g2_itemId=15898\">Iannis Xenakis como compositor<\/a>, se quiere demostrar su otra faceta: <a href=\"https:\/\/ccapitalia.net\/galeria\/main.php?g2_itemId=15874\">Xenakis arquitecto<\/a>, as\u00ed como relacionar su m\u00fasica con otras artes. En este sentido, se han programado sendos di\u00e1logos entre <strong>M\u00fasica y Pintura<\/strong> y <strong>M\u00fasica y Arquitectura<\/strong>, gracias a la colaboraci\u00f3n con el Museo Thyssen-Bornemisza y la Escuela T\u00e9cnica Superior de Arquitectura de la Universidad Polit\u00e9cnica de Madrid. En las analog\u00edas entre m\u00fasica y pintura, se relacionar\u00e1n los contenidos de la exposici\u00f3n \u201cMonet y la Abstracci\u00f3n\u00bb con la obra y la <a href=\"https:\/\/ccapitalia.net\/galeria\/main.php?g2_itemId=15872\">t\u00e9cnica compositiva de Xenakis<\/a>. En cuanto a la arquitectura, la relaci\u00f3n es a\u00fan mayor y m\u00e1s intensa dada la faceta de Xenakis arquitecto y su relaci\u00f3n con una de las figuras claves de la arquitectura del siglo XX, <a href=\"https:\/\/ccapitalia.net\/galeria\/main.php?g2_itemId=15882\">Le Corbusier<\/a>.\u00a0 Estas actividades tendr\u00e1n lugar en el Museo Thyssen-Bornemisza el 17 y 18 de abril, y en la Escuela T\u00e9cnica Superior de Arquitectura el 21 del mismo mes.<\/p>\n<p><a href=\"https:\/\/ccapitalia.net\/galeria\/main.php?g2_itemId=15451&amp;g2_page=6\">Colecci\u00f3n Grabaci\u00f3n, Reproducci\u00f3n y S\u00edntesis de Audio y Voz (a partir de 1900)<\/a><\/p>\n<p>&nbsp;<\/p>\n","protected":false},"excerpt":{"rendered":"<p>Durante el mes de abril se ofrecer\u00e1 en diversas actividades un amplio panorama de su obra, incluyendo piezas sinf\u00f3nicas de gran formato, en las que se juega con la espacializaci\u00f3n del sonido de la orquesta y el p\u00fablico (dado que \u00e9ste se encuentra dentro de la propia orquesta), obras de c\u00e1mara, para instrumentos solistas, e [&hellip;]<\/p>\n","protected":false},"author":1,"featured_media":0,"comment_status":"open","ping_status":"open","sticky":false,"template":"","format":"standard","meta":{"footnotes":""},"categories":[11,103,665],"tags":[169],"class_list":["post-411","post","type-post","status-publish","format-standard","hentry","category-arquitectura","category-arte-sonoro","category-sonido-y-musica-electronica","tag-xenakis"],"_links":{"self":[{"href":"https:\/\/ccapitalia.net\/index.php?rest_route=\/wp\/v2\/posts\/411","targetHints":{"allow":["GET"]}}],"collection":[{"href":"https:\/\/ccapitalia.net\/index.php?rest_route=\/wp\/v2\/posts"}],"about":[{"href":"https:\/\/ccapitalia.net\/index.php?rest_route=\/wp\/v2\/types\/post"}],"author":[{"embeddable":true,"href":"https:\/\/ccapitalia.net\/index.php?rest_route=\/wp\/v2\/users\/1"}],"replies":[{"embeddable":true,"href":"https:\/\/ccapitalia.net\/index.php?rest_route=%2Fwp%2Fv2%2Fcomments&post=411"}],"version-history":[{"count":6,"href":"https:\/\/ccapitalia.net\/index.php?rest_route=\/wp\/v2\/posts\/411\/revisions"}],"predecessor-version":[{"id":5004,"href":"https:\/\/ccapitalia.net\/index.php?rest_route=\/wp\/v2\/posts\/411\/revisions\/5004"}],"wp:attachment":[{"href":"https:\/\/ccapitalia.net\/index.php?rest_route=%2Fwp%2Fv2%2Fmedia&parent=411"}],"wp:term":[{"taxonomy":"category","embeddable":true,"href":"https:\/\/ccapitalia.net\/index.php?rest_route=%2Fwp%2Fv2%2Fcategories&post=411"},{"taxonomy":"post_tag","embeddable":true,"href":"https:\/\/ccapitalia.net\/index.php?rest_route=%2Fwp%2Fv2%2Ftags&post=411"}],"curies":[{"name":"wp","href":"https:\/\/api.w.org\/{rel}","templated":true}]}}