{"id":41,"date":"2009-09-22T14:25:07","date_gmt":"2009-09-22T13:25:07","guid":{"rendered":"http:\/\/www.ccapitalia.net\/?p=41"},"modified":"2024-03-26T18:06:17","modified_gmt":"2024-03-26T17:06:17","slug":"exposicion-sobre-oscar-niemeyer-en-la-fundacion-telefonica","status":"publish","type":"post","link":"https:\/\/ccapitalia.net\/?p=41","title":{"rendered":"Exposici\u00f3n sobre Oscar Niemeyer en la Fundaci\u00f3n Telef\u00f3nica"},"content":{"rendered":"<p><a href=\"..\/?page_id=2#agy\">Adolfo Garc\u00eda<\/a> | Con casi 103 a\u00f1os de edad Oscar Niemeyer sigue sorprendiendo al mundo con su lucidez y plena actividad profesional. Hace unos d\u00edas se inaugur\u00f3 la exposici\u00f3n que lleva su nombre en la Fundaci\u00f3n Telef\u00f3nica, en plena Gran V\u00eda de Madrid.  Merece la pena visitar la citada muestra para conocer la tremenda y revolucionaria obra de este arquitecto.<\/p>\n<p><a href=\"https:\/\/ccapitalia.net\/galeria\/main.php?g2_itemId=819\" target=\"_self\" rel=\"noopener noreferrer\"><img decoding=\"async\" class=\"alignnone\" src=\"https:\/\/ccapitalia.net\/galeria\/main.php?g2_view=core.DownloadItem&amp;g2_itemId=819&amp;g2_serialNumber=2\" alt=\"\" width=\"500\" \/><\/a><\/p>\n<p>Entretanto, no quiero dejar pasar la oportunidad de compartir con vosotros algunas fotos que realic\u00e9 en un viaje a Brasilia y S\u00e3o Paulo, all\u00ed aprovech\u00e9 para conocer algunas construcciones de Niemeyer. Desde peque\u00f1o sent\u00ed fascinaci\u00f3n por los edificios y el paisaje futurista de la capital brasile\u00f1a. Recuerdo que aquellas im\u00e1genes de Brasilia evocaban en m\u00ed paisajes de ciencia ficci\u00f3n descritos en alg\u00fan relato de Ray Bradbury.<\/p>\n<p>[<a href=\"https:\/\/ccapitalia.net\/galeria\/main.php?g2_itemId=825\" target=\"_self\" rel=\"noopener noreferrer\">ir a Galer\u00eda fotogr\u00e1fica de Brasilia<\/a>]<\/p>\n<p>Brasilia representa el paroxismo de la planificaci\u00f3n urbana llevada hasta sus \u00faltimas consecuencias. Tambi\u00e9n es un buen ejemplo del tes\u00f3n, esfuerzo y coraje de un pueblo empe\u00f1ado en levantar desde cero una ciudad.<\/p>\n<p>En 1956 el urbanista L\u00facio Costa gana el concurso de proyectos para escoger la nueva ciudad capital en el centro del pa\u00eds, que ser\u00eda Brasilia, y por iniciativa del presidente Kubitschek, Oscar Niemeyer es convidado a trabajar en el proyecto de la nueva capital. Niemeyer queda a cargo de los proyectos de los edificios y L\u00facio Costa del plan de la ciudad y toda la parte urban\u00edstica.<\/p>\n<p>En pocos meses, Niemeyer dise\u00f1a decenas de edificios residenciales, comerciales y administrativos. Entre ellos la residencia del Presidente (Pal\u00e1cio da Alvorada); el Congreso Nacional (la C\u00e1mara de los Diputados y el Senado Federal); la Catedral de Brasilia; el Palacio de Itamaraty, sede de la canciller\u00eda; la sede del Supremo Tribunal Federal; los edificios de los ministerios, y la sede del gobierno, el Palacio del Planalto. La catedral es considerada especialmente bella, con diversos simbolismos modernos.<\/p>\n<p>Despu\u00e9s del final de la dictadura en los a\u00f1os ochenta, Niemeyer vuelve a Brasil. \u00c9l mismo define esta \u00e9poca como el inicio de la \u00faltima fase de su vida. En esta d\u00e9cada Niemeyer desarroll\u00f3 en Brasilia el Memorial JK y el Pante\u00f3n de la Patria. El 15 de diciembre de 2006, con casi 50 a\u00f1os de retraso, fue inaugurado el Museo Nacional Honestino Guimar\u00e3es y la Biblioteca Nacional Leonel de Moura Brizola, que forman juntos, el mayor centro cultural de Brasil, denominado Complejo Cultural de la Rep\u00fablica, ubicado en la Explanada de los Ministerios en Brasilia. En 1987 dise\u00f1o para S\u00e3o Paulo el Memorial de Am\u00e9rica Latina. Este \u00faltimo tiene una bella escultura representando una mano herida como un Cristo, de cuya llaga sangra Am\u00e9rica Latina.<\/p>\n<p><a href=\"https:\/\/ccapitalia.net\/galeria\/main.php?g2_itemId=593\" target=\"_self\" rel=\"noopener noreferrer\">[<\/a><a href=\"https:\/\/ccapitalia.net\/galeria\/main.php?g2_itemId=825\" target=\"_self\" rel=\"noopener noreferrer\">ir a Galer\u00eda fotogr\u00e1fica de Brasilia<\/a>]<\/p>\n<p>Lo dicho, mientras se acerca la fecha de la inauguraci\u00f3n de su primera obra en Espa\u00f1a, en Avil\u00e9s, como agradecimiento por su premio Pr\u00edncipe de Asturias., os animo a que visit\u00e9is la exposici\u00f3n.<\/p>\n","protected":false},"excerpt":{"rendered":"<p>Adolfo Garc\u00eda | Con casi 103 a\u00f1os de edad Oscar Niemeyer sigue sorprendiendo al mundo con su lucidez y plena actividad profesional. Hace unos d\u00edas se inaugur\u00f3 la exposici\u00f3n que lleva su nombre en la Fundaci\u00f3n Telef\u00f3nica, en plena Gran V\u00eda de Madrid. Merece la pena visitar la citada muestra para conocer la tremenda y [&hellip;]<\/p>\n","protected":false},"author":3,"featured_media":0,"comment_status":"open","ping_status":"open","sticky":false,"template":"","format":"standard","meta":{"footnotes":""},"categories":[11,12,28],"tags":[92,91,93],"class_list":["post-41","post","type-post","status-publish","format-standard","hentry","category-arquitectura","category-fotos","category-viajes","tag-brasilia","tag-fotografias","tag-oscar-niemeyer"],"_links":{"self":[{"href":"https:\/\/ccapitalia.net\/index.php?rest_route=\/wp\/v2\/posts\/41","targetHints":{"allow":["GET"]}}],"collection":[{"href":"https:\/\/ccapitalia.net\/index.php?rest_route=\/wp\/v2\/posts"}],"about":[{"href":"https:\/\/ccapitalia.net\/index.php?rest_route=\/wp\/v2\/types\/post"}],"author":[{"embeddable":true,"href":"https:\/\/ccapitalia.net\/index.php?rest_route=\/wp\/v2\/users\/3"}],"replies":[{"embeddable":true,"href":"https:\/\/ccapitalia.net\/index.php?rest_route=%2Fwp%2Fv2%2Fcomments&post=41"}],"version-history":[{"count":29,"href":"https:\/\/ccapitalia.net\/index.php?rest_route=\/wp\/v2\/posts\/41\/revisions"}],"predecessor-version":[{"id":5027,"href":"https:\/\/ccapitalia.net\/index.php?rest_route=\/wp\/v2\/posts\/41\/revisions\/5027"}],"wp:attachment":[{"href":"https:\/\/ccapitalia.net\/index.php?rest_route=%2Fwp%2Fv2%2Fmedia&parent=41"}],"wp:term":[{"taxonomy":"category","embeddable":true,"href":"https:\/\/ccapitalia.net\/index.php?rest_route=%2Fwp%2Fv2%2Fcategories&post=41"},{"taxonomy":"post_tag","embeddable":true,"href":"https:\/\/ccapitalia.net\/index.php?rest_route=%2Fwp%2Fv2%2Ftags&post=41"}],"curies":[{"name":"wp","href":"https:\/\/api.w.org\/{rel}","templated":true}]}}