{"id":3760,"date":"2021-12-24T20:05:06","date_gmt":"2021-12-24T19:05:06","guid":{"rendered":"http:\/\/www.ccapitalia.net\/?p=3760"},"modified":"2021-12-27T19:33:21","modified_gmt":"2021-12-27T18:33:21","slug":"8-y-9-de-enero-2020-sonikas-19","status":"publish","type":"post","link":"https:\/\/ccapitalia.net\/?p=3760","title":{"rendered":"8 y 9 de Enero 2022. Sonikas 19"},"content":{"rendered":"<p>Con un ligero retraso de unas semanas y como ya os avanzamos, la <strong>decimonovena edici\u00f3n de Sonikas<\/strong> tendr\u00e1 lugar los d\u00edas <strong>8 y 9 de enero del 2022<\/strong>.<\/p>\n<p>El d\u00eda 8 contaremos con la presencia de <strong>Diego Fl\u00f3rez<\/strong> y su visi\u00f3n de nuestra relaci\u00f3n con el medio ambiente y el entorno sonoro. Tras \u00e9l asistiremos a la arriesgada propuesta del d\u00fao <strong>Dopelganger<\/strong>, formado <strong>Miguel A. Garc\u00eda<\/strong> (electr\u00f3nica) y <strong>Garazi Navas<\/strong> (acorde\u00f3n, voz).<\/p>\n<p><strong>El segundo d\u00eda arrancar\u00e1 a las 18:30h<\/strong> -antes de nuestro horario habitual- con la proyecci\u00f3n del interesante documental <strong>L&#8217;esprit des lieux<\/strong>, en \u00e9l se presenta el trabajo de paisajismo sonoro de <strong>Marc Namblard<\/strong>. A continuaci\u00f3n, ya a las 20h, <strong>Willy Christoulas<\/strong> y su obra nos hablar\u00e1n de esa constante dicotom\u00eda en la que nos movemos: anal\u00f3gico-digital, humano-m\u00e1quina, ser-estar, real-manipulado\u2026 Cerrar\u00e1 esta edici\u00f3n de Sonikas todo un veterano del panorama experimental, <strong>Amsia<\/strong>, con un collage sonoro de resultado ca\u00f3tico e impredecible.<\/p>\n<p><a href=\"http:\/\/www.ccapitalia.net\/crc\/sonikas19\/index.htm\"><img loading=\"lazy\" decoding=\"async\" class=\"aligncenter wp-image-3761\" src=\"http:\/\/www.ccapitalia.net\/wp-content\/uploads\/2021\/12\/Flyer-Sonikas-19.jpg\" alt=\"\" width=\"520\" height=\"754\" srcset=\"https:\/\/ccapitalia.net\/wp-content\/uploads\/2021\/12\/Flyer-Sonikas-19.jpg 952w, https:\/\/ccapitalia.net\/wp-content\/uploads\/2021\/12\/Flyer-Sonikas-19-207x300.jpg 207w, https:\/\/ccapitalia.net\/wp-content\/uploads\/2021\/12\/Flyer-Sonikas-19-768x1113.jpg 768w, https:\/\/ccapitalia.net\/wp-content\/uploads\/2021\/12\/Flyer-Sonikas-19-345x500.jpg 345w\" sizes=\"auto, (max-width: 520px) 100vw, 520px\" \/><\/a><\/p>\n<p>Como todos sab\u00e9is el <strong>acceso es gratuito<\/strong> pero seguimos con las restricciones: Tienes que usar mascarilla y mantener la distancia de seguridad. Al existir limitaci\u00f3n en el aforo este ser\u00e1 por orden de llegada. La asignaci\u00f3n de asientos se har\u00e1 seg\u00fan el criterio del equipo responsable del <strong>C.C. Lope de Vega<\/strong>. Una vez empezado el concierto, no se permitir\u00e1 el acceso a la sala.<\/p>\n<p><strong>D\u00edas 8 enero (20:00h) y 9 enero (18:30h)<\/strong><br \/>\n<strong>Centro Cultural Lope de Vega \u2013 c\/ Concejo de Teverga \u2013 Madrid<\/strong><\/p>\n<p><a href=\"http:\/\/www.ccapitalia.net\/crc\/sonikas19\/index.htm\">Sonikas 19<\/a><\/p>\n","protected":false},"excerpt":{"rendered":"<p>Con un ligero retraso de unas semanas y como ya os avanzamos, la decimonovena edici\u00f3n de Sonikas tendr\u00e1 lugar los d\u00edas 8 y 9 de enero del 2022. El d\u00eda 8 contaremos con la presencia de Diego Fl\u00f3rez y su visi\u00f3n de nuestra relaci\u00f3n con el medio ambiente y el entorno sonoro. Tras \u00e9l asistiremos [&hellip;]<\/p>\n","protected":false},"author":1,"featured_media":0,"comment_status":"open","ping_status":"open","sticky":false,"template":"","format":"standard","meta":{"footnotes":""},"categories":[103,14,3],"tags":[],"class_list":["post-3760","post","type-post","status-publish","format-standard","hentry","category-arte-sonoro","category-musica-electronica","category-sonikas"],"_links":{"self":[{"href":"https:\/\/ccapitalia.net\/index.php?rest_route=\/wp\/v2\/posts\/3760","targetHints":{"allow":["GET"]}}],"collection":[{"href":"https:\/\/ccapitalia.net\/index.php?rest_route=\/wp\/v2\/posts"}],"about":[{"href":"https:\/\/ccapitalia.net\/index.php?rest_route=\/wp\/v2\/types\/post"}],"author":[{"embeddable":true,"href":"https:\/\/ccapitalia.net\/index.php?rest_route=\/wp\/v2\/users\/1"}],"replies":[{"embeddable":true,"href":"https:\/\/ccapitalia.net\/index.php?rest_route=%2Fwp%2Fv2%2Fcomments&post=3760"}],"version-history":[{"count":3,"href":"https:\/\/ccapitalia.net\/index.php?rest_route=\/wp\/v2\/posts\/3760\/revisions"}],"predecessor-version":[{"id":3765,"href":"https:\/\/ccapitalia.net\/index.php?rest_route=\/wp\/v2\/posts\/3760\/revisions\/3765"}],"wp:attachment":[{"href":"https:\/\/ccapitalia.net\/index.php?rest_route=%2Fwp%2Fv2%2Fmedia&parent=3760"}],"wp:term":[{"taxonomy":"category","embeddable":true,"href":"https:\/\/ccapitalia.net\/index.php?rest_route=%2Fwp%2Fv2%2Fcategories&post=3760"},{"taxonomy":"post_tag","embeddable":true,"href":"https:\/\/ccapitalia.net\/index.php?rest_route=%2Fwp%2Fv2%2Ftags&post=3760"}],"curies":[{"name":"wp","href":"https:\/\/api.w.org\/{rel}","templated":true}]}}