{"id":3402,"date":"2021-02-08T19:43:20","date_gmt":"2021-02-08T18:43:20","guid":{"rendered":"http:\/\/www.ccapitalia.net\/?p=3402"},"modified":"2024-03-24T11:19:27","modified_gmt":"2024-03-24T10:19:27","slug":"1g-o-primera-generacion-de-telefonia-movil","status":"publish","type":"post","link":"https:\/\/ccapitalia.net\/?p=3402","title":{"rendered":"1G o primera generaci\u00f3n de telefon\u00eda m\u00f3vil"},"content":{"rendered":"<p><a href=\"https:\/\/ccapitalia.net\/?page_id=2#agy\">Adolfo Garc\u00eda Yag\u00fce<\/a><strong> | <\/strong>Ahora que es tan popular el t\u00e9rmino <a href=\"https:\/\/ccapitalia.net\/?p=2389\"><strong>5G<\/strong> y que los gobiernos y empresas se afanan en insistir en su importancia<\/a>, hay gente que por su juventud no ha conocido como empez\u00f3 todo, es decir, el <strong>1G<\/strong>. Aprovechando que he a\u00f1adido unos textos comentando alguna pieza de la galer\u00eda, he querido recordarlo aqu\u00ed.<\/p>\n<p><a href=\"https:\/\/ccapitalia.net\/galeria\/main.php?g2_itemId=16781\"><img loading=\"lazy\" decoding=\"async\" class=\"aligncenter\" style=\"border: 0px solid #C6C6C6;padding: 3px;margin: 3px\" src=\"https:\/\/ccapitalia.net\/galeria\/main.php?g2_view=core.DownloadItem&amp;g2_itemId=16781&amp;g2_serialNumber=1\" alt=\"\" width=\"520\" height=\"767\" data-wp-editing=\"1\" \/><\/a><\/p>\n<p><strong>Indelec 3833-01, 1986<\/strong><br \/>\nEl equipo anterior es uno de los primeros tel\u00e9fonos m\u00f3viles que se comercializaron para ser usados en la red de <strong>Telef\u00f3nica<\/strong>. Este m\u00f3vil pertenece a la primera generaci\u00f3n -o 1G- compatible con el sistema <strong>NMT-450 (Nordic Mobile Telephony)<\/strong> en la banda radio de <strong>450MHz<\/strong>. NMT coincidi\u00f3 con otros sistemas de telefon\u00eda \u2013incompatibles entre si- como <strong>AMPS<\/strong> en EE.UU, <strong>TACS<\/strong> en Reino Unido o <strong>B-Netz<\/strong> en Alemania. Espa\u00f1a adopt\u00f3 el sistema n\u00f3rdico por ser uno de los m\u00e1s maduros. Aquello garantizaba a Telef\u00f3nica una mayor oferta en equipos terminales y de red (especialmente <strong>Ericsson<\/strong>, <strong>Nokia<\/strong> y <strong>Philips<\/strong>). Tambi\u00e9n cabe destacar que las especificaciones de NMT eran abiertas para que cualquier fabricante desarrollara un terminal o estaci\u00f3n base sin tener que pagar royalties. En el <strong>Indelec 3833-01<\/strong> llama la atenci\u00f3n su volumen y peso cercano a los <strong>12Kg<\/strong>, incluyendo su bater\u00eda y maleta de transporte. Este era un equipo que, a pesar de ser portable y gozar de autonom\u00eda al tener bater\u00eda, estaba pensado para ser transportado en el coche.<\/p>\n<p><a href=\"https:\/\/ccapitalia.net\/galeria\/main.php?g2_itemId=16783\"><img loading=\"lazy\" decoding=\"async\" class=\"aligncenter\" style=\"border: 0px solid #C6C6C6;padding: 3px;margin: 3px\" src=\"https:\/\/ccapitalia.net\/galeria\/main.php?g2_view=core.DownloadItem&amp;g2_itemId=16783&amp;g2_serialNumber=1\" alt=\"\" width=\"520\" height=\"767\" \/><\/a><\/p>\n<p>Con este terminal se escribe uno de los cap\u00edtulos de nuestra historia tecnolog\u00eda y su aspiraci\u00f3n por hacerse un hueco entre los grandes <em>vendors<\/em>. En efecto, el 3833-01 fue dise\u00f1ado y fabricado en Dinamarca entre los a\u00f1os 1984 y 1985 por la compa\u00f1\u00eda <strong>AP Radiotelefon<\/strong> con el nombre <strong>BV 31-A<\/strong>. La comercializaci\u00f3n de este equipo dentro de Telef\u00f3nica fue posible gracias a <strong>Indelec<\/strong>, una joven compa\u00f1\u00eda que estaba impulsada por el Gobierno Vasco, Telef\u00f3nica como cliente preferente y Philips como socio tecnol\u00f3gico. Esta participaci\u00f3n de Philips permitir\u00eda a Indelec alcanzar el conocimiento necesario para desarrollar sus propias soluciones.<\/p>\n<p><strong>Standard El\u00e9ctrica ITT-7700, 1986<\/strong><br \/>\nAnte la revoluci\u00f3n que estaba comenzando, <strong>ITT Standard El\u00e9ctrica<\/strong>, el hist\u00f3rico aliado tecnol\u00f3gico de Telef\u00f3nica, no pod\u00eda permanecer sin plantear una soluci\u00f3n. Por eso, a pesar de que en esta \u00e9poca atravesaba por serias dificultades financieras, opt\u00f3 por introducir en Telef\u00f3nica un m\u00f3vil dise\u00f1ado y fabricado por la japonesa <strong>Mitsubishi<\/strong>, que en aquel entonces era un l\u00edder en esta tecnolog\u00eda. Inicialmente, el <strong>ITT-7700<\/strong> se comercializ\u00f3 bajo la firma ITT Standard El\u00e9ctrica hasta que la citada compa\u00f1\u00eda fue absorbida en 1987 por la francesa <strong>Alcatel<\/strong> y ya etiquetado con esta marca. Aunque este equipo es contempor\u00e1neo del Indelec 3833-01, las mejoras en su dise\u00f1o electr\u00f3nico y autonom\u00eda y, sobre todo, sus <strong>8Kg<\/strong> de peso son significativos frente a este.<\/p>\n<p><a href=\"https:\/\/ccapitalia.net\/galeria\/main.php?g2_itemId=14151\"><img loading=\"lazy\" decoding=\"async\" class=\"aligncenter \" src=\"https:\/\/ccapitalia.net\/galeria\/main.php?g2_view=core.DownloadItem&amp;g2_itemId=14151&amp;g2_serialNumber=12\" width=\"519\" height=\"1008\" \/><\/a><\/p>\n<p><strong>Indelec I-4000, 1988<\/strong><br \/>\nDurante la primera mitad de los a\u00f1os ochenta del pasado siglo, la telefon\u00eda m\u00f3vil era un servicio que, aunque ya disponible, era poco visible debido a su alto coste y, sobre todo, porque los terminales no estaban pensados para ser transportados fuera del veh\u00edculo. Esto empez\u00f3 a cambiar con el <strong>Indelec<\/strong> o <strong>Telyco I-4000<\/strong> que, aunque segu\u00eda siendo utilizado en coches, pod\u00eda ser transportado \u201cc\u00f3modamente\u201d gracias a sus <strong>4Kg<\/strong> de peso. Por esta raz\u00f3n, equipos como este, empezaban a ser vistos por la calle en manos \u2013o al hombro- de algunos ejecutivos.<\/p>\n<p><a href=\"https:\/\/ccapitalia.net\/galeria\/main.php?g2_itemId=14117\"><img loading=\"lazy\" decoding=\"async\" class=\"aligncenter \" src=\"https:\/\/ccapitalia.net\/galeria\/main.php?g2_view=core.DownloadItem&amp;g2_itemId=14117&amp;g2_serialNumber=1\" width=\"520\" height=\"346\" \/><\/a><\/p>\n<p>El origen de este equipo hay que buscarlo una vez m\u00e1s en Dinamarca, en la antes mencionada AP Radiotelefon. All\u00ed fue donde originalmente se dise\u00f1\u00f3 para ser presentado por Philips en abril de 1986. Desconozco los detalles de la relaci\u00f3n entre AP Radiotelefon y Philips pero sospecho que, hacia 1986-87, AP Radiotelefon fue adquirida por Philips. En la informaci\u00f3n que ha llegado hasta mis manos -anterior a este equipo- ya exist\u00eda la conexi\u00f3n entre ambas empresas y el patr\u00f3n se repite: equipos dise\u00f1ados y fabricados por AP Radiotelefon y vendidos bajo marca Philips. Al existir la citada relaci\u00f3n con Philips, una vez m\u00e1s, este equipo lleg\u00f3 a Espa\u00f1a de la mano de Indelec e incluso fue comercializado con la marca Telyco de la cual Telef\u00f3nica era propietario. Con este equipo tambi\u00e9n se cierra la \u00e9poca NMT-450 o, como Telef\u00f3nica la denomin\u00f3, <strong>TMA-450<\/strong> (<strong>Telefon\u00eda M\u00f3vil Autom\u00e1tica)<\/strong>.<\/p>\n<p><strong>TMA-900 y Motorola DynaTAC, 1990<\/strong><br \/>\nSi hay un m\u00f3vil donde se simboliza el estatus y el poder econ\u00f3mico en la \u00e9poca 1G es con el <strong>Motorola DynaTAC<\/strong>. Algunos lo recordar\u00e9is de la interpretaci\u00f3n de <strong>Michael Douglas<\/strong> en el papel de <strong>Gordon Gekko<\/strong> en <strong>Wall Street (1987)<\/strong>.<\/p>\n<p><a href=\"https:\/\/ccapitalia.net\/galeria\/main.php?g2_itemId=14123\"><img loading=\"lazy\" decoding=\"async\" class=\"aligncenter \" src=\"https:\/\/ccapitalia.net\/galeria\/main.php?g2_view=core.DownloadItem&amp;g2_itemId=14123&amp;g2_serialNumber=3\" width=\"520\" height=\"781\" \/><\/a><\/p>\n<p>Este era un tel\u00e9fono realmente m\u00f3vil al poder ser trasportado con facilidad. Fue desarrollado en 1983 por un equipo de <strong>Motorola<\/strong> liderado por <strong>Martin Cooper<\/strong>. Desde aquel a\u00f1o hasta 1993 se sucedieron diferentes versiones con algunas mejoras y adaptando su uso a cada pa\u00eds y sistema radio. Hay que destacar que la principal raz\u00f3n de su \u201cpeque\u00f1o\u201d tama\u00f1o y bajo consumo el\u00e9ctrico obedece a que trabaja en frecuencias altas, concretamente en <strong>850MHz<\/strong> de <strong>AMPS (Advanced Mobile Phone System)<\/strong>, mientras que en Espa\u00f1a ven\u00edamos usando el sistema n\u00f3rdico (NMT) a 450MHz. Tambi\u00e9n, en este m\u00f3vil, se aprecia el avance que se estaba sucediendo en la integraci\u00f3n electr\u00f3nica y el desarrollo de chips a medida en lugar de recurrir a componentes gen\u00e9ricos.<\/p>\n<p><img loading=\"lazy\" decoding=\"async\" class=\"alignright wp-image-3405\" src=\"https:\/\/ccapitalia.net\/wp-content\/uploads\/2021\/02\/gordon_gekko.jpg\" alt=\"\" width=\"169\" height=\"171\" srcset=\"https:\/\/ccapitalia.net\/wp-content\/uploads\/2021\/02\/gordon_gekko.jpg 442w, https:\/\/ccapitalia.net\/wp-content\/uploads\/2021\/02\/gordon_gekko-297x300.jpg 297w\" sizes=\"auto, (max-width: 169px) 100vw, 169px\" \/>En nuestro pa\u00eds fue distribuido por <strong>Amper<\/strong>, otra de las empresas hist\u00f3ricas en la \u00f3rbita de Telef\u00f3nica. Popularmente este m\u00f3vil fue conocido con el sobrenombre de <strong>\u201cel ladrillo\u201d<\/strong>. En Espa\u00f1a se introdujo cuando se empez\u00f3 a prestar servicio a <strong>900MHz<\/strong> con el sistema <strong>TACS<\/strong>. A este sistema Telef\u00f3nica lo denominar\u00eda<strong> TMA-900<\/strong> y a\u00f1os despu\u00e9s pas\u00f3 a llamarlo <strong>Moviline<\/strong>.<\/p>\n<p><strong>Mapas de cobertura 1G<\/strong><br \/>\nPara terminar he querido incluir dos mapas de cobertura en abril de 1990 para los servicios 1G\u00a0 y la prevista a diciembre del mismo a\u00f1o. En el primero se muestra la penetraci\u00f3n de TMA-450 y en el segundo TMA-900.<\/p>\n<p><a href=\"https:\/\/ccapitalia.net\/galeria\/main.php?g2_itemId=14353\"><img loading=\"lazy\" decoding=\"async\" class=\"aligncenter \" src=\"https:\/\/ccapitalia.net\/galeria\/main.php?g2_view=core.DownloadItem&amp;g2_itemId=14353&amp;g2_serialNumber=1\" width=\"520\" height=\"352\" \/><\/a><\/p>\n<p><a href=\"https:\/\/ccapitalia.net\/galeria\/main.php?g2_itemId=14355\"><img loading=\"lazy\" decoding=\"async\" class=\"aligncenter \" src=\"https:\/\/ccapitalia.net\/galeria\/main.php?g2_view=core.DownloadItem&amp;g2_itemId=14355&amp;g2_serialNumber=1\" width=\"520\" height=\"353\" \/><\/a><\/p>\n<p><a href=\"https:\/\/ccapitalia.net\/galeria\/main.php?g2_itemId=13227\">Colecci\u00f3n<\/a> | <a href=\"https:\/\/ccapitalia.net\/?p=2537\">Los M\u00f3viles<\/a> | <a href=\"https:\/\/ccapitalia.net\/?p=2611\">HarmonyOS y los Sistemas Operativos M\u00f3viles<\/a> | <a href=\"https:\/\/ccapitalia.net\/?p=4645\">GTP y la seguridad en redes 4G y 5G NSA<\/a><\/p>\n","protected":false},"excerpt":{"rendered":"<p>Adolfo Garc\u00eda Yag\u00fce | Ahora que es tan popular el t\u00e9rmino 5G y que los gobiernos y empresas se afanan en insistir en su importancia, hay gente que por su juventud no ha conocido como empez\u00f3 todo, es decir, el 1G. Aprovechando que he a\u00f1adido unos textos comentando alguna pieza de la galer\u00eda, he querido [&hellip;]<\/p>\n","protected":false},"author":3,"featured_media":0,"comment_status":"open","ping_status":"open","sticky":false,"template":"","format":"standard","meta":{"footnotes":""},"categories":[639,640],"tags":[708,402,709,711,710,688,151],"class_list":["post-3402","post","type-post","status-publish","format-standard","hentry","category-coleccion","category-historia-telecomunicaciones","tag-1g","tag-5g","tag-indelec","tag-movilinetacs","tag-nmt-450","tag-philips","tag-telefonica"],"_links":{"self":[{"href":"https:\/\/ccapitalia.net\/index.php?rest_route=\/wp\/v2\/posts\/3402","targetHints":{"allow":["GET"]}}],"collection":[{"href":"https:\/\/ccapitalia.net\/index.php?rest_route=\/wp\/v2\/posts"}],"about":[{"href":"https:\/\/ccapitalia.net\/index.php?rest_route=\/wp\/v2\/types\/post"}],"author":[{"embeddable":true,"href":"https:\/\/ccapitalia.net\/index.php?rest_route=\/wp\/v2\/users\/3"}],"replies":[{"embeddable":true,"href":"https:\/\/ccapitalia.net\/index.php?rest_route=%2Fwp%2Fv2%2Fcomments&post=3402"}],"version-history":[{"count":36,"href":"https:\/\/ccapitalia.net\/index.php?rest_route=\/wp\/v2\/posts\/3402\/revisions"}],"predecessor-version":[{"id":4848,"href":"https:\/\/ccapitalia.net\/index.php?rest_route=\/wp\/v2\/posts\/3402\/revisions\/4848"}],"wp:attachment":[{"href":"https:\/\/ccapitalia.net\/index.php?rest_route=%2Fwp%2Fv2%2Fmedia&parent=3402"}],"wp:term":[{"taxonomy":"category","embeddable":true,"href":"https:\/\/ccapitalia.net\/index.php?rest_route=%2Fwp%2Fv2%2Fcategories&post=3402"},{"taxonomy":"post_tag","embeddable":true,"href":"https:\/\/ccapitalia.net\/index.php?rest_route=%2Fwp%2Fv2%2Ftags&post=3402"}],"curies":[{"name":"wp","href":"https:\/\/api.w.org\/{rel}","templated":true}]}}