{"id":2914,"date":"2020-04-06T11:02:50","date_gmt":"2020-04-06T10:02:50","guid":{"rendered":"http:\/\/www.ccapitalia.net\/?p=2914"},"modified":"2020-05-07T13:57:24","modified_gmt":"2020-05-07T12:57:24","slug":"la-nueva-musica-de-victor-nubla-aka-adolfo-marin","status":"publish","type":"post","link":"https:\/\/ccapitalia.net\/?p=2914","title":{"rendered":"La Nueva M\u00fasica, de V\u00edctor Nubla (aka Adolfo Mar\u00edn)"},"content":{"rendered":"<p><a href=\"http:\/\/www.calmagrafica.es\/\">Alberto Guiti\u00e9rrez<\/a> | Tarde de s\u00e1bado en La Casa del Libro en la Gran V\u00eda madrile\u00f1a. Mi padre est\u00e1 mirando libros de arte rom\u00e1nico mientras yo me aburro soberanamente esperando a que termine de ojear todos y cada uno de los libros sobre el tema. En la misma planta de la librer\u00eda, pero escondida detr\u00e1s de la puerta del ascensor, est\u00e1 la estanter\u00eda dedicada a los libros de m\u00fasica. Es el a\u00f1o 1984 y ya se ha despertado en m\u00ed el gusanillo por la m\u00fasica. Con insistencia infantil consigo que me compre un libro que llevo ojeando un rato y que me tiene la mand\u00edbula descolgada, se llama <strong>\u00abLa nueva m\u00fasica. Del industrial al tecno-pop\u00bb<\/strong>. Mi padre nunca fue consciente de que esa iba a ser una de las mejores inversiones \u2013ochocientas pesetas\u2013 en su hijo de catorce a\u00f1os.<\/p>\n<p>El libro estaba firmado por un tal <strong>Adolfo Mar\u00edn<\/strong>, un perfecto desconocido para m\u00ed. Nunca supe qui\u00e9n era ese enigm\u00e1tico personaje que hac\u00eda un recorrido pasional y atolondrado por los grupos que han definido la m\u00fasica electr\u00f3nica desde los comienzos hasta la fecha de publicaci\u00f3n del libro. Gracias a \u00e9l conoc\u00ed muchos grupos y referencias que m\u00e1s tarde han cimentado mi afici\u00f3n por la m\u00fasica electr\u00f3nica. No me extender\u00e9 en comentar el contenido del libro porque quien est\u00e9 interesado en \u00e9l <a href=\"http:\/\/www.ccapitalia.net\/descarga\/docs\/1984-nubla-marin-la-nueva-musica.pdf\">puede descargarlo desde esta misma entrada<\/a>. Treinta a\u00f1os despu\u00e9s de la adquisici\u00f3n del libro alguien me desvel\u00f3 que quien se escond\u00eda bajo el seud\u00f3nimo de Adolfo Mar\u00edn era en realidad <strong>V\u00edctor Nubla<\/strong>. Un personaje inclasificable y necesario en cualquier entorno art\u00edstico y cultural. Produce un hormigueo especial leer el apartado del libro dedicado a <strong>Macromassa<\/strong>, el grupo fundado por \u00e9l y <strong>Juan Crek<\/strong>.<\/p>\n<p><a href=\"http:\/\/www.ccapitalia.net\/descarga\/docs\/1984-nubla-marin-la-nueva-musica.pdf\"><img loading=\"lazy\" decoding=\"async\" class=\"aligncenter  wp-image-2917\" src=\"http:\/\/www.ccapitalia.net\/wp-content\/uploads\/2020\/04\/del-industrial-al-tecno-pop-adolfo-marin-victor-nubla.jpg\" alt=\"\" width=\"520\" height=\"695\" srcset=\"https:\/\/ccapitalia.net\/wp-content\/uploads\/2020\/04\/del-industrial-al-tecno-pop-adolfo-marin-victor-nubla.jpg 527w, https:\/\/ccapitalia.net\/wp-content\/uploads\/2020\/04\/del-industrial-al-tecno-pop-adolfo-marin-victor-nubla-225x300.jpg 225w, https:\/\/ccapitalia.net\/wp-content\/uploads\/2020\/04\/del-industrial-al-tecno-pop-adolfo-marin-victor-nubla-374x500.jpg 374w\" sizes=\"auto, (max-width: 520px) 100vw, 520px\" \/><\/a><\/p>\n<p>Hace cuatro a\u00f1os un buen amigo me regal\u00f3 otra copia del libro que hab\u00eda encontrado a precio de saldo en un mercadillo. Esta vez s\u00ed me atrev\u00ed a guillotinar el lomo \u2013mi copia original la guardo como un tesoro\u2013, escanear todas las p\u00e1ginas y pasar a texto el contenido del libro. Y ya que lo ten\u00eda medio maquetado, la idea inmediata fue \u00ab\u00bfy por qu\u00e9 no publicarlo en digital?\u00bb. En el 2016 contact\u00e9 con Nubla pregunt\u00e1ndole si le parecer\u00eda bien ir adelante con el proyecto que ten\u00eda entre manos. Todo fue amabilidad y educaci\u00f3n por su parte. Intercambiamos unos cuantos correos en los que le facilit\u00e9 el primer borrador de la versi\u00f3n para que me diera sus impresiones. Cito textualmente una de sus contestaciones:<\/p>\n<blockquote><p><em>\u201cBueno, visto as\u00ed, lo podr\u00edamos publicar urbi et orbi. La verdad es que este libro es una cosa muy antigua para m\u00ed, pero es bien cierto que lo viv\u00ed a tope y no ha dejado de darme satisfacciones, cada vez que alg\u00fan m\u00fasico o aficionado me dice que le ha marcado, naturalmente me emociona\u201d.<\/em><\/p><\/blockquote>\n<p>El pasado 31 de marzo fallec\u00eda a los 63 a\u00f1os de edad V\u00edctor Nubla por complicaciones con una hernia. He cre\u00eddo oportuno rescatar de mi disco duro la versi\u00f3n digital, hacer justicia, y liberar \u00abLa nueva m\u00fasica. Del industrial al tecno-pop\u00bb. Vaya esta edici\u00f3n digital del libro en tu honor V\u00edctor: <strong>gracias por tu trabajo, descansa en paz<\/strong>.<\/p>\n<p><a href=\"http:\/\/www.ccapitalia.net\/descarga\/docs\/1984-nubla-marin-la-nueva-musica.pdf\">La nueva m\u00fasica. Del industrial al tecno-pop<\/a><\/p>\n<p>&nbsp;<\/p>\n","protected":false},"excerpt":{"rendered":"<p>Alberto Guiti\u00e9rrez | Tarde de s\u00e1bado en La Casa del Libro en la Gran V\u00eda madrile\u00f1a. Mi padre est\u00e1 mirando libros de arte rom\u00e1nico mientras yo me aburro soberanamente esperando a que termine de ojear todos y cada uno de los libros sobre el tema. En la misma planta de la librer\u00eda, pero escondida detr\u00e1s [&hellip;]<\/p>\n","protected":false},"author":1,"featured_media":0,"comment_status":"open","ping_status":"open","sticky":false,"template":"","format":"standard","meta":{"footnotes":""},"categories":[225,665],"tags":[],"class_list":["post-2914","post","type-post","status-publish","format-standard","hentry","category-pdf-ponencias-cursos-documentos-libros","category-sonido-y-musica-electronica"],"_links":{"self":[{"href":"https:\/\/ccapitalia.net\/index.php?rest_route=\/wp\/v2\/posts\/2914","targetHints":{"allow":["GET"]}}],"collection":[{"href":"https:\/\/ccapitalia.net\/index.php?rest_route=\/wp\/v2\/posts"}],"about":[{"href":"https:\/\/ccapitalia.net\/index.php?rest_route=\/wp\/v2\/types\/post"}],"author":[{"embeddable":true,"href":"https:\/\/ccapitalia.net\/index.php?rest_route=\/wp\/v2\/users\/1"}],"replies":[{"embeddable":true,"href":"https:\/\/ccapitalia.net\/index.php?rest_route=%2Fwp%2Fv2%2Fcomments&post=2914"}],"version-history":[{"count":5,"href":"https:\/\/ccapitalia.net\/index.php?rest_route=\/wp\/v2\/posts\/2914\/revisions"}],"predecessor-version":[{"id":2921,"href":"https:\/\/ccapitalia.net\/index.php?rest_route=\/wp\/v2\/posts\/2914\/revisions\/2921"}],"wp:attachment":[{"href":"https:\/\/ccapitalia.net\/index.php?rest_route=%2Fwp%2Fv2%2Fmedia&parent=2914"}],"wp:term":[{"taxonomy":"category","embeddable":true,"href":"https:\/\/ccapitalia.net\/index.php?rest_route=%2Fwp%2Fv2%2Fcategories&post=2914"},{"taxonomy":"post_tag","embeddable":true,"href":"https:\/\/ccapitalia.net\/index.php?rest_route=%2Fwp%2Fv2%2Ftags&post=2914"}],"curies":[{"name":"wp","href":"https:\/\/api.w.org\/{rel}","templated":true}]}}