{"id":2550,"date":"2019-06-18T17:36:18","date_gmt":"2019-06-18T16:36:18","guid":{"rendered":"http:\/\/www.ccapitalia.net\/?p=2550"},"modified":"2024-03-24T13:29:50","modified_gmt":"2024-03-24T12:29:50","slug":"energia-electrica-y-analisis-de-datos","status":"publish","type":"post","link":"https:\/\/ccapitalia.net\/?p=2550","title":{"rendered":"Energ\u00eda El\u00e9ctrica y An\u00e1lisis de Datos"},"content":{"rendered":"<p><a href=\"https:\/\/ccapitalia.net\/?page_id=2#agy\">Adolfo Garc\u00eda Yag\u00fce<\/a><strong> | <\/strong>En esta presentaci\u00f3n se estudia una aplicaci\u00f3n real del an\u00e1lisis de datos e IoT: <strong>El uso de la Energ\u00eda El\u00e9ctrica y <a href=\"https:\/\/www.energy-minus.es\/\">EMIOS de Energy Minus+<\/a><\/strong>. Sin pretender ser un curso de electrotecnia, en la primera parte he intentado resumir alguno de los conceptos relativos a la corriente alterna y al mercado el\u00e9ctrico espa\u00f1ol. Soy consciente de que por ciertos temas paso de puntillas, e incluso alguna diapositiva puede no resultar 100% precisa para un experto. Pido disculpas por ello. He intentado rebajar el nivel de los conceptos expuestos para acercarlo al d\u00eda a d\u00eda de cualquier persona interesada en estos temas.<\/p>\n<p><a href=\"https:\/\/ccapitalia.net\/descarga\/docs\/2019-energia-y-datos.pdf\"><img loading=\"lazy\" decoding=\"async\" class=\"aligncenter\" src=\"https:\/\/ccapitalia.net\/img\/2019-energia-y-datos.jpg\" alt=\"\" width=\"519\" height=\"292\" \/><\/a><\/p>\n<p><span style=\"text-decoration: underline;\"><strong>Agenda<\/strong><\/span><\/p>\n<p><strong>Energ\u00eda y Datos<\/strong><\/p>\n<ul>\n<li>La importancia del an\u00e1lisis de datos<\/li>\n<li>Datos de consumo<\/li>\n<li>Consumo el\u00e9ctrico<\/li>\n<li>La importancia del contexto<\/li>\n<li>\u00bfQu\u00e9 nos pueden ofrecer los datos?<\/li>\n<\/ul>\n<p><strong>Conceptos b\u00e1sicos<br \/>\n<\/strong><\/p>\n<ul>\n<li>Corriente alterna<\/li>\n<li>Magnitudes vectoriales<\/li>\n<li>Monof\u00e1sico y trif\u00e1sico<\/li>\n<li>Voltaje y corriente<\/li>\n<li>Potencia<\/li>\n<li>Energ\u00eda activa<\/li>\n<li>Energ\u00eda reactiva<\/li>\n<li>Factor de potencia y coseno de \u03c6<\/li>\n<\/ul>\n<p><strong>Laboratorio<\/strong><\/p>\n<ul>\n<li>Buscapolos y pinza amperim\u00e9trica<\/li>\n<li>Midiendo en un cuadro el\u00e9ctrico<\/li>\n<li>El osciloscopio<\/li>\n<li>Laboratorio de recogida de datos<\/li>\n<li>Medidor ModBus<\/li>\n<li>Sonda de temperatura y luminosidad<\/li>\n<li>Pasarela TELNET BabelGate G5002<\/li>\n<li>Node-RED<\/li>\n<\/ul>\n<p><strong>Mercado el\u00e9ctrico<br \/>\n<\/strong><\/p>\n<ul>\n<li>Actores del mercado el\u00e9ctrico<\/li>\n<li>La importancia del Sistema<\/li>\n<li>Perfil energ\u00e9tico y tarifas<\/li>\n<li>Tarifa 2.0A<\/li>\n<li>Tarifa 2.0DHA y 2.1DHA<\/li>\n<li>Tarifa 3.0<\/li>\n<li>Termina de energ\u00eda reactiva<\/li>\n<li>Max\u00edmetro<\/li>\n<li>Ejemplo de una factura 3.0A<\/li>\n<li>Tarifa 3.1<\/li>\n<li>Tarifas 6.x<\/li>\n<\/ul>\n<p><strong>Monitorizaci\u00f3n el\u00e9ctrica<br \/>\n<\/strong><\/p>\n<ul>\n<li>Red de Monitorizaci\u00f3n<\/li>\n<li>Datalogger, Medidor, Modem<\/li>\n<li>Monitorizaci\u00f3n de contador fiscal<\/li>\n<li>Medidor Trif\u00e1sico<\/li>\n<li>Transformador de corriente de 50A<\/li>\n<li>Temperatura, humedad y luminosidad<\/li>\n<\/ul>\n<p><strong>Casos Pr\u00e1cticos con EMIOS<\/strong><\/p>\n<ul>\n<li>Configuraci\u00f3n de tarifa<\/li>\n<li>Simulaci\u00f3n de una factura<\/li>\n<li>Evoluci\u00f3n del consumo<\/li>\n<li>Ajuste de potencia<\/li>\n<li>Energ\u00eda reactiva<\/li>\n<li>Configuraci\u00f3n de Widgets<\/li>\n<li>Consumo general y temperatura<\/li>\n<li>Consumo alumbrado y luminosidad<\/li>\n<li>Detecci\u00f3n consumo an\u00f3malo<\/li>\n<li>Estudio de cambio de iluminaci\u00f3n<\/li>\n<\/ul>\n<p>[<a href=\"https:\/\/ccapitalia.net\/descarga\/docs\/2019-energia-y-datos.pdf\">Descargar ponencia<\/a>]<\/p>\n","protected":false},"excerpt":{"rendered":"<p>Adolfo Garc\u00eda Yag\u00fce | En esta presentaci\u00f3n se estudia una aplicaci\u00f3n real del an\u00e1lisis de datos e IoT: El uso de la Energ\u00eda El\u00e9ctrica y EMIOS de Energy Minus+. Sin pretender ser un curso de electrotecnia, en la primera parte he intentado resumir alguno de los conceptos relativos a la corriente alterna y al mercado [&hellip;]<\/p>\n","protected":false},"author":3,"featured_media":0,"comment_status":"open","ping_status":"open","sticky":false,"template":"","format":"standard","meta":{"footnotes":""},"categories":[512,225,274],"tags":[605,600,606,604,603,609,602,601,607,608,610],"class_list":["post-2550","post","type-post","status-publish","format-standard","hentry","category-analisis-de-datos","category-pdf-ponencias-cursos-documentos-libros","category-m2m-sensores-internet-de-las-cosas","tag-coseno-","tag-energia-activa","tag-factura-electrica","tag-kw","tag-kwh","tag-modbus","tag-potencia-electrica","tag-reactiva","tag-ree","tag-tarifa","tag-temperatura"],"_links":{"self":[{"href":"https:\/\/ccapitalia.net\/index.php?rest_route=\/wp\/v2\/posts\/2550","targetHints":{"allow":["GET"]}}],"collection":[{"href":"https:\/\/ccapitalia.net\/index.php?rest_route=\/wp\/v2\/posts"}],"about":[{"href":"https:\/\/ccapitalia.net\/index.php?rest_route=\/wp\/v2\/types\/post"}],"author":[{"embeddable":true,"href":"https:\/\/ccapitalia.net\/index.php?rest_route=\/wp\/v2\/users\/3"}],"replies":[{"embeddable":true,"href":"https:\/\/ccapitalia.net\/index.php?rest_route=%2Fwp%2Fv2%2Fcomments&post=2550"}],"version-history":[{"count":9,"href":"https:\/\/ccapitalia.net\/index.php?rest_route=\/wp\/v2\/posts\/2550\/revisions"}],"predecessor-version":[{"id":4870,"href":"https:\/\/ccapitalia.net\/index.php?rest_route=\/wp\/v2\/posts\/2550\/revisions\/4870"}],"wp:attachment":[{"href":"https:\/\/ccapitalia.net\/index.php?rest_route=%2Fwp%2Fv2%2Fmedia&parent=2550"}],"wp:term":[{"taxonomy":"category","embeddable":true,"href":"https:\/\/ccapitalia.net\/index.php?rest_route=%2Fwp%2Fv2%2Fcategories&post=2550"},{"taxonomy":"post_tag","embeddable":true,"href":"https:\/\/ccapitalia.net\/index.php?rest_route=%2Fwp%2Fv2%2Ftags&post=2550"}],"curies":[{"name":"wp","href":"https:\/\/api.w.org\/{rel}","templated":true}]}}