{"id":2352,"date":"2018-07-17T20:36:24","date_gmt":"2018-07-17T19:36:24","guid":{"rendered":"http:\/\/www.ccapitalia.net\/?p=2352"},"modified":"2025-02-12T13:20:23","modified_gmt":"2025-02-12T12:20:23","slug":"fibra-optica","status":"publish","type":"post","link":"https:\/\/ccapitalia.net\/?p=2352","title":{"rendered":"Fibra \u00d3ptica"},"content":{"rendered":"<p><a href=\"https:\/\/ccapitalia.net\/?page_id=2#agy\">Adolfo Garc\u00eda Yag\u00fce<\/a><strong> | <\/strong>Hoy en d\u00eda el empleo de la <a href=\"https:\/\/ccapitalia.net\/?p=1208\">fibra \u00f3ptica<\/a> como medio de transmisi\u00f3n forma parte de nuestra cotidianidad. En otros textos <a href=\"https:\/\/ccapitalia.net\/?p=2303\">hemos visto c\u00f3mo lleg\u00f3 a nuestras casas<\/a> y, a trav\u00e9s de ella, <a href=\"https:\/\/ccapitalia.net\/?p=2284\">nos conectamos a Internet<\/a>, hablamos por tel\u00e9fono o vemos la televisi\u00f3n.<\/p>\n<p>Usar la luz -o los fotones para ser m\u00e1s preciso- como medio de transmisi\u00f3n no es una novedad. Ya en los albores de la telefon\u00eda, <a href=\"https:\/\/ccapitalia.net\/?p=2183\"><strong>Alexander Graham Bell (1847-1822)<\/strong><\/a> patent\u00f3 un ingenio llamado <a href=\"https:\/\/ccapitalia.net\/galeria\/main.php?g2_itemId=20194\"><strong>Photophone<\/strong><\/a> que permit\u00eda la comunicaci\u00f3n hablada -a peque\u00f1as distancias- usando un rayo luminoso. Aquello, aun consider\u00e1ndolo un hito, qued\u00f3 como una curiosidad t\u00e9cnica por lo limitado de la distancia alcanzada y su estabilidad. Tambi\u00e9n <strong>John Tyndall (1820-1893)<\/strong> estudi\u00f3 como un rayo de luz pod\u00eda viajar a trav\u00e9s de la curva que forma un chorro de agua. Este fen\u00f3meno fue antes descrito por <strong>Jacques Babinet (1794-1872)<\/strong> y <strong>Daniel Colladon (1802-1893)<\/strong>. Como digo, estos pasos son importantes y otros, como el <a href=\"https:\/\/ccapitalia.net\/?p=2183\"><strong>Tel\u00e9grafo \u00d3ptico<\/strong><\/a> de <strong>Claude Chappe (1763-1805)<\/strong>, merecen ser recordados en esta historia pero distan mucho de la invenci\u00f3n de l\u00e1ser y la fibra \u00f3ptica. Esto quiere decir que, aunque la idea de enviar voz usando un rayo luminoso fuera llamativa, en el tiempo de Bell, no se sab\u00eda lo suficiente.<\/p>\n<p><a href=\"https:\/\/ccapitalia.net\/galeria\/main.php?g2_itemId=12795\"><img loading=\"lazy\" decoding=\"async\" class=\"aligncenter \" src=\"https:\/\/ccapitalia.net\/galeria\/main.php?g2_view=core.DownloadItem&amp;g2_itemId=12795&amp;g2_serialNumber=1\" width=\"520\" height=\"812\" \/><\/a><\/p>\n<p>Por lo anterior podemos establecer como punto de partida la invenci\u00f3n de una fuente de luz coherente como es el <a href=\"https:\/\/ccapitalia.net\/galeria\/main.php?g2_itemId=17007\"><strong>L\u00e1ser (Light Amplification by Stimulated Emission of Radiation)<\/strong><\/a>. Conocemos muchas aplicaciones que \u00e9ste tiene y por eso hay distintos tipos y, en el tema que nos ocupa, el primer l\u00e1ser inventado en <strong>1960<\/strong> por <strong>Theodore Maiman (1927-2007)<\/strong>, no se utiliza en comunicaciones por fibra. Lo importante aqu\u00ed no es tanto su potencia luminosa como la frecuencia o \u201ccolor\u201d al que emite, y la capacidad de controlar -o modular- este haz de luz a nuestro antojo. Esta es la raz\u00f3n por la que el descubrimiento de materiales semiconductores con propiedades \u00f3pticas, como el <strong>Arseniuro de Galio (GaAs)<\/strong>, hicieron posible el <strong>l\u00e1ser semiconductor<\/strong> y la posibilidad de modular este con un tren de datos a una temperatura controlada. Eso pas\u00f3 en <strong>1967<\/strong> en los <strong>Laboratorios Bell<\/strong> y fue consecuencia del trabajo previo de muchas personas y compa\u00f1\u00edas.<\/p>\n<p><a href=\"https:\/\/ccapitalia.net\/galeria\/main.php?g2_itemId=12779\"><img loading=\"lazy\" decoding=\"async\" class=\"aligncenter \" src=\"https:\/\/ccapitalia.net\/galeria\/main.php?g2_view=core.DownloadItem&amp;g2_itemId=12779&amp;g2_serialNumber=1\" width=\"520\" height=\"672\" \/><\/a><\/p>\n<p>En el estudio de la fibra \u00f3ptica sucede igual. Aunque los principios de funcionamiento b\u00e1sicos, casi intuitivos, se pueden comprender desde el estudio de la \u00f3ptica geom\u00e9trica (Siglo XVII), no es hasta el desarrollo de las teor\u00edas sobre de la naturaleza electromagn\u00e9tica de la luz y la teor\u00eda cu\u00e1ntica (en el Siglo XX) cuando se est\u00e1 en condiciones de pensar seriamente en ella, as\u00ed como en el proceso industrial asociado a su fabricaci\u00f3n. Esto \u00faltimo tiene que ver con la purificaci\u00f3n del vidrio y la existencia de ciertos iones que absorben los fotones que viajan a su trav\u00e9s. Tambi\u00e9n est\u00e1 relacionado con el uso de unas ventanas \u00f3pticas pr\u00f3ximas a la regi\u00f3n infrarroja para la transmisi\u00f3n de datos. Esta dificultad no era desconocida, de hecho el uso de fibras ya se empezaba a usar en los a\u00f1os 60 para <strong>enviar luz y recoger im\u00e1genes con fines m\u00e9dicos<\/strong>, como las <strong>laparoscopias<\/strong>. En este caso se trabaja con fibras de peque\u00f1as longitudes por lo que la atenuaci\u00f3n o las p\u00e9rdidas que la imagen sufre no es un gran problema. En cambio, en comunicaciones, la distancia y atenuaci\u00f3n son esenciales. Fueron <strong>Charles Kao (1933)<\/strong> y <strong>George Hockham (1938-2013)<\/strong> quienes demostraron en <strong>1966<\/strong> que era posible usar el vidrio a ciertas frecuencias para comunicaciones, pero previamente es necesario \u201climpiarlo\u201d de impurezas -de tama\u00f1o at\u00f3mico- responsables de la atenuaci\u00f3n del rayo de luz. Aquel trabajo sirvi\u00f3 para que en <strong>1970<\/strong>, cient\u00edficos de <strong>Corning Glass Works<\/strong>, fabricaran la primera <strong>fibra \u00f3ptica multimodo con una atenuaci\u00f3n inferior a los 20dB por kil\u00f3metro<\/strong>. Dos a\u00f1os m\u00e1s tarde se fabricar\u00edan fibras multimodo de 4dB\/Km y, a continuaci\u00f3n, llegar\u00edan las fibras monomodo con atenuaciones de 0.4 dB\/Km. En <strong>1976<\/strong>, en Atlanta, EE.UU., entr\u00f3 en servicio la primera conexi\u00f3n experimental por fibra entre los centros de la <strong>Western Electric<\/strong> y <strong>Bell Labs<\/strong>.<\/p>\n<p><a href=\"https:\/\/ccapitalia.net\/galeria\/main.php?g2_itemId=12456\"><img loading=\"lazy\" decoding=\"async\" class=\"aligncenter \" src=\"https:\/\/ccapitalia.net\/galeria\/main.php?g2_view=core.DownloadItem&amp;g2_itemId=12456&amp;g2_serialNumber=1\" width=\"520\" height=\"733\" \/><\/a><\/p>\n<p><strong>Telef\u00f3nica<\/strong>, la antigua <strong>CTNE<\/strong>, en <strong>1981<\/strong> experiment\u00f3 con un tendido de <strong>500m<\/strong> entre sus edificios del antiguo <strong>Centro de Investigaci\u00f3n y Estudios (CIE)<\/strong>, en la calle L\u00e9rida de Madrid, y la central de la <strong>calle Tetu\u00e1n<\/strong>. Posteriormente y ya en explotaci\u00f3n, se unir\u00edan las centrales de Atocha, Rios Rosas y Bellas Vistas. No obstante, fue en <strong>1982<\/strong>, cuando <strong>RENFE<\/strong> consigui\u00f3 una \u201cventaja simb\u00f3lica\u201d al conectar por fibra \u00f3ptica y poner en servicio sus centrales telef\u00f3nicas de las estaciones de <strong>Chamart\u00edn<\/strong> y <strong>Atocha<\/strong>. Fueron los primeros <strong>9,5Km<\/strong> de un cable que llevaba en su interior 4 fibras \u00f3pticas y resolv\u00eda la inmunidad electromagn\u00e9tica derivada del tendido el\u00e9ctrico y motores de los trenes. Ya en el a\u00f1o 1986 Telef\u00f3nica puso en servicio entre <strong>Gran Canaria<\/strong> y <strong>Tenerife<\/strong> el <strong>OPTICAN<\/strong>, <strong>el primer cable submarino de fibra \u00f3ptica del mundo<\/strong>.<\/p>\n<p><a href=\"https:\/\/ccapitalia.net\/galeria\/main.php?g2_itemId=12749\"><img loading=\"lazy\" decoding=\"async\" class=\"aligncenter \" src=\"https:\/\/ccapitalia.net\/galeria\/main.php?g2_view=core.DownloadItem&amp;g2_itemId=12749&amp;g2_serialNumber=1\" width=\"520\" height=\"390\" \/><\/a><\/p>\n<p>Como pod\u00e9is imaginar, por su tama\u00f1o y material de fabricaci\u00f3n, la fibra \u00f3ptica es muy fr\u00e1gil. Si a esta fragilidad le a\u00f1adimos las leyes geom\u00e9tricas que nos impone para que la luz se propague por su interior, nos encontramos que su utilidad a la intemperie es bien poca como, por ejemplo, en un tendido a\u00e9reo, o por la fachada de un edificio, o sumergida en el oc\u00e9ano. Es ah\u00ed donde reside saber fabricar un cable que proteja a una o cientos de fibras y, a la vez, permita su instalaci\u00f3n en entornos donde el cable va a sufrir fuertes estiramientos, torsiones o, mordiscos de ratas\u2026 (y no es broma)<\/p>\n<p>Espa\u00f1a puede presumir de dominar a la perfecci\u00f3n la fabricaci\u00f3n de cables de fibra \u00f3ptica. <strong>Standard El\u00e9ctrica<\/strong>, adapt\u00f3 su f\u00e1brica de <strong>Malia\u00f1o<\/strong>, Santander, para fabricar este tipo de cable. En Barcelona, en <strong>Vilanova i la Geltr\u00fa<\/strong>, ocurri\u00f3 algo parecido con la f\u00e1brica que all\u00ed ten\u00eda <strong>Pirelli<\/strong>. Y en Zaragoza, en <strong>Malpica<\/strong>, en la f\u00e1brica de <strong>Cables de Comunicaciones<\/strong> \u2013antiguamente participada por Telef\u00f3nica y los americanos de <strong>General Cable<\/strong>&#8211; tambi\u00e9n se pusieron manos a la obra con esta tecnolog\u00eda.<\/p>\n<p><a href=\"https:\/\/ccapitalia.net\/galeria\/main.php?g2_itemId=12753\"><img loading=\"lazy\" decoding=\"async\" class=\"aligncenter \" src=\"https:\/\/ccapitalia.net\/galeria\/main.php?g2_view=core.DownloadItem&amp;g2_itemId=12753&amp;g2_serialNumber=1\" width=\"520\" height=\"780\" \/><\/a><\/p>\n<p>Hoy en d\u00eda no se concibe ninguna l\u00ednea ferroviaria u obra civil sin tender, en paralelo, cable de fibra \u00f3ptica. De hecho ADIF ofrece en alquiler el uso de estas fibras para que otras compa\u00f1\u00edas puedan conectar sus equipos. Dejando a un lado el uso de la fibra por parte de compa\u00f1\u00edas ferroviarias, autopistas, energ\u00eda o Correos, la gran <a href=\"https:\/\/ccapitalia.net\/galeria\/main.php?g2_itemId=12773\">red de fibra pertenece a Telef\u00f3nica<\/a>. Ya hemos visto que en los a\u00f1os \u201980 empezaron a conectar sus nodos principales con este cable. De esta forma, fueron prescindiendo de los pesados y caros <a href=\"https:\/\/ccapitalia.net\/galeria\/main.php?g2_itemId=11190\">cables coaxiales y cuadretes<\/a> en rutas interprovinciales y urbanas. As\u00ed, si <strong>en el a\u00f1o 1988 en Espa\u00f1a ten\u00edan algo m\u00e1s de 1000 Km instalados y en 1992 hablaban de 23000Km<\/strong>, actualmente los kil\u00f3metros de cable de fibra se deben contar por millones si incluimos todos los pa\u00edses en los que opera, los cables submarinos en los que participa y los tendidos FTTH a hogares.<\/p>\n<p>Este ambicioso despliegue era necesario si se quer\u00eda poner en servicio nuevas tecnolog\u00edas de transporte como <strong>SDH (Synchronous Digital Hierarchy)<\/strong>, o Jerarqu\u00eda Digital S\u00edncrona como le gusta decir a Telef\u00f3nica. Por otro lado, los nuevos nodos <strong><a href=\"https:\/\/ccapitalia.net\/?p=123\">Frame Relay<\/a> (Red UNO)<\/strong> que complementaba y a veces sustitu\u00eda a <a href=\"https:\/\/ccapitalia.net\/?p=2269\"><strong>Iberpac<\/strong> y <strong>X.25<\/strong><\/a>, ya contemplaban conexiones por fibra. Ambas tecnolog\u00edas empezaron a funcionar en 1991 y representan un hito de evoluci\u00f3n t\u00e9cnica. El gran salto para sus clientes vendr\u00eda con el <strong>Plan Fot\u00f3n<\/strong>. En efecto, aunque ya comentamos que <a href=\"https:\/\/ccapitalia.net\/?p=2303\">en 1990 Telef\u00f3nica empez\u00f3 a experimentar con la conexi\u00f3n por fibra de los hogares<\/a>, fue en 1994 cuando decidi\u00f3 llevar la fibra a los edificios de sus primeros <strong>500 clientes corporativos<\/strong> de Madrid, Barcelona, Sevilla, Valencia, Bilbao, Palma, Alicante y Coru\u00f1a. Aquello supuso sentar las bases para nuevas tecnolog\u00edas de red como <a href=\"https:\/\/ccapitalia.net\/?p=133\"><strong>ATM (Asynchronous Transfer Mode)<\/strong><\/a> y servicios como <strong>Gigacom<\/strong>, necesarios para poder desarrollar comunicaciones multimedia y una <a href=\"https:\/\/ccapitalia.net\/?p=2284\">Internet que empezaba a nacer<\/a>.<\/p>\n<p><a href=\"https:\/\/ccapitalia.net\/galeria\/main.php?g2_itemId=12332\">Colecci\u00f3n<\/a> | <a href=\"https:\/\/ccapitalia.net\/?p=2225\">M\u00f3dems, teleproceso, servicios on-line y BBS<\/a> | <a href=\"https:\/\/ccapitalia.net\/?p=2269\">ARPANET, X.25 e Iberpac<\/a> | <a href=\"https:\/\/ccapitalia.net\/?p=2284\">Internet e Infov\u00eda<\/a> | <a href=\"https:\/\/ccapitalia.net\/?p=2303\">56K, ADSL y GPON<\/a><\/p>\n","protected":false},"excerpt":{"rendered":"<p>Adolfo Garc\u00eda Yag\u00fce | Hoy en d\u00eda el empleo de la fibra \u00f3ptica como medio de transmisi\u00f3n forma parte de nuestra cotidianidad. En otros textos hemos visto c\u00f3mo lleg\u00f3 a nuestras casas y, a trav\u00e9s de ella, nos conectamos a Internet, hablamos por tel\u00e9fono o vemos la televisi\u00f3n. Usar la luz -o los fotones para [&hellip;]<\/p>\n","protected":false},"author":3,"featured_media":0,"comment_status":"open","ping_status":"open","sticky":false,"template":"","format":"standard","meta":{"footnotes":""},"categories":[639,640],"tags":[535,533,202,534,151],"class_list":["post-2352","post","type-post","status-publish","format-standard","hentry","category-coleccion","category-historia-telecomunicaciones","tag-cable-de-fibra","tag-fibra-optica","tag-ftth","tag-laser","tag-telefonica"],"_links":{"self":[{"href":"https:\/\/ccapitalia.net\/index.php?rest_route=\/wp\/v2\/posts\/2352","targetHints":{"allow":["GET"]}}],"collection":[{"href":"https:\/\/ccapitalia.net\/index.php?rest_route=\/wp\/v2\/posts"}],"about":[{"href":"https:\/\/ccapitalia.net\/index.php?rest_route=\/wp\/v2\/types\/post"}],"author":[{"embeddable":true,"href":"https:\/\/ccapitalia.net\/index.php?rest_route=\/wp\/v2\/users\/3"}],"replies":[{"embeddable":true,"href":"https:\/\/ccapitalia.net\/index.php?rest_route=%2Fwp%2Fv2%2Fcomments&post=2352"}],"version-history":[{"count":14,"href":"https:\/\/ccapitalia.net\/index.php?rest_route=\/wp\/v2\/posts\/2352\/revisions"}],"predecessor-version":[{"id":5360,"href":"https:\/\/ccapitalia.net\/index.php?rest_route=\/wp\/v2\/posts\/2352\/revisions\/5360"}],"wp:attachment":[{"href":"https:\/\/ccapitalia.net\/index.php?rest_route=%2Fwp%2Fv2%2Fmedia&parent=2352"}],"wp:term":[{"taxonomy":"category","embeddable":true,"href":"https:\/\/ccapitalia.net\/index.php?rest_route=%2Fwp%2Fv2%2Fcategories&post=2352"},{"taxonomy":"post_tag","embeddable":true,"href":"https:\/\/ccapitalia.net\/index.php?rest_route=%2Fwp%2Fv2%2Ftags&post=2352"}],"curies":[{"name":"wp","href":"https:\/\/api.w.org\/{rel}","templated":true}]}}