{"id":2036,"date":"2017-01-27T19:40:43","date_gmt":"2017-01-27T18:40:43","guid":{"rendered":"http:\/\/www.ccapitalia.net\/?p=2036"},"modified":"2024-05-06T07:05:06","modified_gmt":"2024-05-06T06:05:06","slug":"20-anos-de-radar-electronic-sounds-bar","status":"publish","type":"post","link":"https:\/\/ccapitalia.net\/?p=2036","title":{"rendered":"20 a\u00f1os de Radar (Electronic Sounds Bar)"},"content":{"rendered":"<p><img loading=\"lazy\" decoding=\"async\" class=\"size-medium alignleft\" src=\"https:\/\/ccapitalia.net\/radar\/informacion\/sevi.jpg\" alt=\"\" width=\"200\" height=\"261\" \/>Jes\u00fas Sevillano (aka Sevi) | Hace un par de meses se cumplieron 20 a\u00f1os desde que cog\u00ed el local del <a href=\"https:\/\/ccapitalia.net\/radar\/informacion\/index.html\">Radar<\/a>, aunque oficialmente faltan un par de semanas para cumplir el vig\u00e9simo aniversario desde la primera inauguraci\u00f3n (de las dos que hubo). Por este motivo es que, desde noviembre pasado, ando metido en esta tarea con Adolfo, escribiendo textos y dotando de nuevos contenidos a la web del bar.<\/p>\n<p>Desde 2009 la web ha estado bloqueada (y lo sigue estando hasta dentro de unos d\u00edas) desde su acceso principal, pero hemos estado incorporando nuevos contenidos y nuevos textos con la idea de que est\u00e9 accesible de nuevo para el aniversario. En su d\u00eda decidimos bloquearla puesto que cuando sucedi\u00f3 el <a href=\"https:\/\/ccapitalia.net\/radar\/informacion\/2015-ars-sonora\/index.html\">juicio de AGEDI\/AIE<\/a>, utilizaron nuestra p\u00e1gina web como supuesta base para su demanda aunque, como muchos sab\u00e9is, les sali\u00f3 el tiro por la culata y ganamos el juicio en cuesti\u00f3n. Era algo obvio, pero en aquellos momentos, cuando ya hab\u00eda decidido cerrar el bar por motivos personales para venir a vivir a Per\u00fa, era algo que me inquietaba especialmente y que aunque sab\u00eda que ten\u00eda raz\u00f3n, me mantuvo con una gran intranquilidad y preocupaci\u00f3n durante muchos meses.<\/p>\n<p>El caso es que ahora se va a reactivar la web. Se van a poner en descarga (durante un tiempo) los <a href=\"https:\/\/ccapitalia.net\/radar\/archief\/livekomps.html\">recopilatorios que regal\u00e1bamos en las Nocheviejas del bar<\/a>, e incorporaremos los videomontajes que en este grupo del Radar hemos compartido con todos vosotros.<\/p>\n<p>Asimismo se ha hecho una secci\u00f3n dedicada al <a href=\"https:\/\/ccapitalia.net\/radar\/informacion\/epdr.html\">fanzine E.P.D.R. (Escala Progresiva De Resistencia)<\/a> en el que estuve <img loading=\"lazy\" decoding=\"async\" class=\"size-medium alignright\" src=\"https:\/\/ccapitalia.net\/radar\/informacion\/epdr-5.jpg\" alt=\"\" width=\"200\" height=\"266\" \/>involucrado durante los a\u00f1os 80 junto a mis amigos Jaime H.Y (La Braga N\u00e1utica, Oh-Casio-On, Maruja y los Filoestuches), y Jacobo G. Rodeja (El Regalo De Silvia), poniendo todos los ejemplares en descarga, contando la historia de aqu\u00e9llos a\u00f1os, adem\u00e1s de incorporar una galer\u00eda de fotos y documentos de la \u00e9poca.<\/p>\n<p>Se ha mantenido el mismo dise\u00f1o de la web, pero se han escrito nuevos textos y se ha incorporado una secci\u00f3n importante que es el <a href=\"https:\/\/ccapitalia.net\/radar\/archief\/\">&#8216;Radar Archief&#8217;<\/a>. Muchas de las demos (las que hemos podido rescatar) que muchos de vosotros me dejasteis en el bar est\u00e1n ah\u00ed reflejadas, para dejar constancia de una \u00e9poca y de una serie de artistas que en su d\u00eda fueron obviados por la prensa, medios de comunicaci\u00f3n y salas de concierto, pero que form\u00e1is parte de la historia de la m\u00fasica electr\u00f3nica espa\u00f1ola y que, con total certeza, alg\u00fan d\u00eda alguien querr\u00e1 apropiarse de lo que es vuestro. Nuestro compromiso siempre fue apoyar a los m\u00fasicos que en gran medida dotasteis de contenido al propio bar, y as\u00ed ser\u00e1 siempre. La web del bar es para todos vosotros y para dejar constancia de lo que sucedi\u00f3 en Madrid durante casi 14 a\u00f1os dentro de la escena electr\u00f3nica.<\/p>\n<p>Se<img loading=\"lazy\" decoding=\"async\" class=\"size-medium alignleft\" src=\"https:\/\/ccapitalia.net\/radar\/informacion\/radar1.jpg\" alt=\"\" width=\"200\" height=\"282\" \/> ha incluido una <a href=\"https:\/\/ccapitalia.net\/radar\/informacion\/familiaradar.html\">galer\u00eda de fotos<\/a> (de momento hemos seleccionado en torno a 250) del archivo visual de Adolfo y del propio bar. Todas ellas son absolutamente respetuosas, pero si alguien se ve en ellas y desea que la retiremos, no habr\u00e1 ning\u00fan problema. Quisi\u00e9ramos desde aqu\u00ed animaros a que los que teng\u00e1is material gr\u00e1fico, videos, flyers, rese\u00f1as de prensa, etc&#8230; relacionados con el bar que nos las hag\u00e1is llegar. Nuestra intenci\u00f3n siempre ser\u00e1 dejar constancia de lo que fue el Radar en homenaje a los propios m\u00fasicos y clientes del bar.<\/p>\n<p>Sabemos que en las fotos aparec\u00e9is algunos de los que form\u00e1is parte de este grupo y tambi\u00e9n personas que no tenemos a\u00f1adidas a nuestra lista de <a href=\"https:\/\/www.facebook.com\/groups\/934922329857187\/\" target=\"_blank\" rel=\"noopener noreferrer\">amistades de FB<\/a>, pero que s\u00ed que son amigos vuestros. Os agradecer\u00edamos enormemente que quienes sep\u00e1is de amistades que frecuentaban el bar y que pudiesen tener material gr\u00e1fico que compartieseis este post con el fin de intentar recopilar la mayor cantidad posible de documentaci\u00f3n e informaci\u00f3n.<\/p>\n<p>En los pr\u00f3ximos d\u00edas (cuando desbloqueemos la entrada principal) seguiremos informando.<\/p>\n<p>Gracias a tod@s.<\/p>\n","protected":false},"excerpt":{"rendered":"<p>Jes\u00fas Sevillano (aka Sevi) | Hace un par de meses se cumplieron 20 a\u00f1os desde que cog\u00ed el local del Radar, aunque oficialmente faltan un par de semanas para cumplir el vig\u00e9simo aniversario desde la primera inauguraci\u00f3n (de las dos que hubo). Por este motivo es que, desde noviembre pasado, ando metido en esta tarea [&hellip;]<\/p>\n","protected":false},"author":1,"featured_media":0,"comment_status":"open","ping_status":"open","sticky":false,"template":"","format":"standard","meta":{"footnotes":""},"categories":[14,227],"tags":[329],"class_list":["post-2036","post","type-post","status-publish","format-standard","hentry","category-musica-electronica","category-radar-bar","tag-musica-electronica-espana"],"_links":{"self":[{"href":"https:\/\/ccapitalia.net\/index.php?rest_route=\/wp\/v2\/posts\/2036","targetHints":{"allow":["GET"]}}],"collection":[{"href":"https:\/\/ccapitalia.net\/index.php?rest_route=\/wp\/v2\/posts"}],"about":[{"href":"https:\/\/ccapitalia.net\/index.php?rest_route=\/wp\/v2\/types\/post"}],"author":[{"embeddable":true,"href":"https:\/\/ccapitalia.net\/index.php?rest_route=\/wp\/v2\/users\/1"}],"replies":[{"embeddable":true,"href":"https:\/\/ccapitalia.net\/index.php?rest_route=%2Fwp%2Fv2%2Fcomments&post=2036"}],"version-history":[{"count":9,"href":"https:\/\/ccapitalia.net\/index.php?rest_route=\/wp\/v2\/posts\/2036\/revisions"}],"predecessor-version":[{"id":5097,"href":"https:\/\/ccapitalia.net\/index.php?rest_route=\/wp\/v2\/posts\/2036\/revisions\/5097"}],"wp:attachment":[{"href":"https:\/\/ccapitalia.net\/index.php?rest_route=%2Fwp%2Fv2%2Fmedia&parent=2036"}],"wp:term":[{"taxonomy":"category","embeddable":true,"href":"https:\/\/ccapitalia.net\/index.php?rest_route=%2Fwp%2Fv2%2Fcategories&post=2036"},{"taxonomy":"post_tag","embeddable":true,"href":"https:\/\/ccapitalia.net\/index.php?rest_route=%2Fwp%2Fv2%2Ftags&post=2036"}],"curies":[{"name":"wp","href":"https:\/\/api.w.org\/{rel}","templated":true}]}}