{"id":2011,"date":"2016-12-22T18:27:45","date_gmt":"2016-12-22T17:27:45","guid":{"rendered":"http:\/\/www.ccapitalia.net\/?p=2011"},"modified":"2024-03-25T18:38:37","modified_gmt":"2024-03-25T17:38:37","slug":"la-experiencia-de-la-escucha","status":"publish","type":"post","link":"https:\/\/ccapitalia.net\/?p=2011","title":{"rendered":"La Experiencia de la Escucha"},"content":{"rendered":"<p>Qu\u00e9 te inviten a hablar de tu proyecto es estupendo, que adem\u00e1s te ofrezcan la posibilidad de traer a un artista para que comparta su obra es extraordinario. As\u00ed ha sido la oportunidad que nos ha brindado <strong>Jos\u00e9 Luis Espejo<\/strong> en el marco de su ciclo <a href=\"https:\/\/www.facebook.com\/Arrecife-Ciclo-de-conciertos-980641232048104\/\" target=\"_blank\" rel=\"noopener noreferrer\">Arrecife<\/a>. A trav\u00e9s de esta iniciativa se pretende que distintos colectivos madrile\u00f1os podamos exponer nuestra trayectoria e invitemos a un artista representativo -para nosotros- a dar un concierto en el auditorio CentroCentro del Ayuntamiento de Madrid. Nosotros, la <a href=\"https:\/\/ccapitalia.net\/crc\">Asociaci\u00f3n CRC<\/a>, no tardamos en tenerlo claro: artista invitada Natasha Barret.<\/p>\n<p>M\u00e1s dif\u00edcil fue resumir lo que hemos hecho durante los \u00faltimos 14 a\u00f1os. No obstante, a veces el <a href=\"https:\/\/ccapitalia.net\/crc\/arrecife\/asociacion-crc-el-arte-de-la-escucha.pdf\">Power Point puede resultar una \u00fatil herramienta psicoanal\u00edtica<\/a>. Es sorprendente que, sin pretenderlo, te lleve a conclusiones sobre tu personalidad. En nuestra particular sesi\u00f3n de psicoan\u00e1lisis acu\u00f1amos el t\u00e9rmino <strong>\u201cLa Experiencia de la Escucha\u201d<\/strong> como la frase que mejor resume y define nuestra actividad&#8230;<\/p>\n<p><a href=\"https:\/\/ccapitalia.net\/galeria\/main.php?g2_itemId=9770\"><img loading=\"lazy\" decoding=\"async\" class=\" aligncenter\" src=\"https:\/\/ccapitalia.net\/galeria\/main.php?g2_view=core.DownloadItem&amp;g2_itemId=9742&amp;g2_serialNumber=1\" alt=\"\" width=\"540\" height=\"304\" \/><\/a><\/p>\n<p>El proyecto de la Asociaci\u00f3n Cultural CRC naci\u00f3, como la mayor\u00eda de las grandes ideas, en la barra de un Bar. En nuestro caso fue en <a href=\"https:\/\/ccapitalia.net\/radar\">Radar (Electronic Sounds Bar)<\/a>. All\u00ed se cruzaron nuestros caminos y all\u00ed planeamos el <a href=\"https:\/\/ccapitalia.net\/crc\/tendencias\/\">Tendencias Post-Digitales<\/a>. En aquella cita en el Colegio Mayor San Juan Evangelista tuvimos la oportunidad de medir nuestras fuerzas y poner a prueba la capacidad de trabajo en equipo. Fue un peque\u00f1o \u00e9xito del que salimos con buenas sensaciones y con ganas de hacer m\u00e1s cosas. Fue en ese momento cuando coincidimos con Alfonso Pomeda y pusimos en marcha los Klangmaschine. A trav\u00e9s de estos eventos y de toda la experiencia acumulada en las actividades que programaba el Radar, constatamos que era necesario \u201cmover\u201d ciertas propuestas hacia espacios donde la <strong>Experiencia de la Escucha<\/strong> fuera plena.<\/p>\n<p><a href=\"https:\/\/ccapitalia.net\/galeria\/main.php?g2_view=core.DownloadItem&amp;g2_itemId=9766&amp;g2_serialNumber=2\"><img loading=\"lazy\" decoding=\"async\" class=\"alignleft\" src=\"https:\/\/ccapitalia.net\/galeria\/main.php?g2_view=core.DownloadItem&amp;g2_itemId=9766&amp;g2_serialNumber=2\" width=\"208\" height=\"312\" \/><\/a>Para nosotros la <strong>Experiencia de la Escucha<\/strong> ser\u00eda algo parecido a lo que sientes cuando est\u00e1s en el sal\u00f3n de tu casa, desconectado y sumergido en el sonido, sin distracciones, a oscuras. Solo est\u00e1s t\u00fa y el sonido que sale de tus altavoces. Ahora, a este momento perfecto, a\u00f1ade un sistema de audio cuadraf\u00f3nico y abre espacio en el sal\u00f3n para que el artista toque a tu lado. Eso es la <strong>Experiencia de la Escucha<\/strong>. Es una experiencia ac\u00fastica inmersiva, irrepetible y en tiempo real. Y eso es lo que hemos venido intentando llevar a la pr\u00e1ctica a trav\u00e9s de los 14 Sonikas.<\/p>\n<p>Evidentemente, lo anterior ser\u00eda imposible sin la buena disposici\u00f3n del p\u00fablico y el trabajo del artista. Por esa raz\u00f3n en esta ecuaci\u00f3n nos gusta considerarnos como un elemento facilitador. Para ello nos esforzamos en comprender la naturaleza de la obra y cuales son los requerimientos ac\u00fasticos del artista. A partir de aqu\u00ed hacemos todo lo posible para que salte esa chispa m\u00e1gica e invisible que conecta al artista con el p\u00fablico.<\/p>\n<p><img loading=\"lazy\" decoding=\"async\" class=\" aligncenter\" src=\"https:\/\/ccapitalia.net\/galeria\/main.php?g2_view=core.DownloadItem&amp;g2_itemId=9768&amp;g2_serialNumber=1\" alt=\"\" width=\"540\" height=\"401\" \/><\/p>\n<p>Tras 14 ediciones, una de las cuales (la d\u00e9cima) tuvo una jornada m\u00e1s, hemos de hacer un balance positivo. Por una parte hemos logrado el reconocimiento de gran n\u00famero de artistas de la escena experimental nacional e internacional. Esto nos permite poder escoger a quien invitamos, algo que no siempre es f\u00e1cil. Por otro lado, creemos que hemos logrado posicionar el festival Sonikas en el sitio en el que siempre hemos querido estar: En los l\u00edmites de la periferia. Es decir, nos gusta explorar los terrenos sonoros m\u00e1s escarpados y arriesgados. Por \u00faltimo, en este viaje, a nuestro alrededor, nos sentimos acompa\u00f1ados de un p\u00fablico magn\u00edfico.<\/p>\n<p>\u00a1Gracias a tod@s!<\/p>\n<p>[<a href=\"https:\/\/ccapitalia.net\/crc\/arrecife\/asociacion-crc-el-arte-de-la-escucha.pdf\">descargar presentaci\u00f3n Arrecife<\/a> | <a href=\"https:\/\/ccapitalia.net\/galeria\/main.php?g2_itemId=9770\">visitar galer\u00eda de fotos<\/a>]<\/p>\n","protected":false},"excerpt":{"rendered":"<p>Qu\u00e9 te inviten a hablar de tu proyecto es estupendo, que adem\u00e1s te ofrezcan la posibilidad de traer a un artista para que comparta su obra es extraordinario. As\u00ed ha sido la oportunidad que nos ha brindado Jos\u00e9 Luis Espejo en el marco de su ciclo Arrecife. A trav\u00e9s de esta iniciativa se pretende que [&hellip;]<\/p>\n","protected":false},"author":3,"featured_media":0,"comment_status":"open","ping_status":"open","sticky":false,"template":"","format":"standard","meta":{"footnotes":""},"categories":[103,14,3],"tags":[358,351],"class_list":["post-2011","post","type-post","status-publish","format-standard","hentry","category-arte-sonoro","category-musica-electronica","category-sonikas","tag-arte-sonoro","tag-sonikas"],"_links":{"self":[{"href":"https:\/\/ccapitalia.net\/index.php?rest_route=\/wp\/v2\/posts\/2011","targetHints":{"allow":["GET"]}}],"collection":[{"href":"https:\/\/ccapitalia.net\/index.php?rest_route=\/wp\/v2\/posts"}],"about":[{"href":"https:\/\/ccapitalia.net\/index.php?rest_route=\/wp\/v2\/types\/post"}],"author":[{"embeddable":true,"href":"https:\/\/ccapitalia.net\/index.php?rest_route=\/wp\/v2\/users\/3"}],"replies":[{"embeddable":true,"href":"https:\/\/ccapitalia.net\/index.php?rest_route=%2Fwp%2Fv2%2Fcomments&post=2011"}],"version-history":[{"count":6,"href":"https:\/\/ccapitalia.net\/index.php?rest_route=\/wp\/v2\/posts\/2011\/revisions"}],"predecessor-version":[{"id":4928,"href":"https:\/\/ccapitalia.net\/index.php?rest_route=\/wp\/v2\/posts\/2011\/revisions\/4928"}],"wp:attachment":[{"href":"https:\/\/ccapitalia.net\/index.php?rest_route=%2Fwp%2Fv2%2Fmedia&parent=2011"}],"wp:term":[{"taxonomy":"category","embeddable":true,"href":"https:\/\/ccapitalia.net\/index.php?rest_route=%2Fwp%2Fv2%2Fcategories&post=2011"},{"taxonomy":"post_tag","embeddable":true,"href":"https:\/\/ccapitalia.net\/index.php?rest_route=%2Fwp%2Fv2%2Ftags&post=2011"}],"curies":[{"name":"wp","href":"https:\/\/api.w.org\/{rel}","templated":true}]}}