{"id":1954,"date":"2016-11-01T19:05:09","date_gmt":"2016-11-01T18:05:09","guid":{"rendered":"http:\/\/www.ccapitalia.net\/?p=1954"},"modified":"2024-03-25T18:44:17","modified_gmt":"2024-03-25T17:44:17","slug":"decimocuarta-edicion-de-sonikas-3-y-4-diciembre-2016","status":"publish","type":"post","link":"https:\/\/ccapitalia.net\/?p=1954","title":{"rendered":"Decimocuarta edici\u00f3n de Sonikas, 3 y 4 diciembre 2016"},"content":{"rendered":"<p>Tras nueve ediciones de Sonikas en el Centro Cultural Pilar Mir\u00f3, este a\u00f1o nos movemos. Fieles a los or\u00edgenes del festival no abandonamos Vallecas. <strong>La decimocuarta edici\u00f3n de Sonikas tendr\u00e1 lugar en el Centro Cultural Lope de Vega que est\u00e1 situado en el barrio de Entrev\u00edas.<\/strong><\/p>\n<p><strong>S\u00e1bado 3<\/strong><\/p>\n<ul>\n<li>20h. <strong>El\u00edas Merino<\/strong> [<a href=\"https:\/\/www.eliasmerino.com\" target=\"_blank\" rel=\"noopener noreferrer\">www.eliasmerino.com<\/a>]<\/li>\n<li>21h. <strong>Roland Emile Kuit<\/strong> + <strong>Karin Schomaker<\/strong> [<a href=\"https:\/\/www.rolandkuit.com\" target=\"_blank\" rel=\"noopener noreferrer\">www.rolandkuit.com<\/a>]<\/li>\n<\/ul>\n<p><strong>Domingo 4<\/strong><\/p>\n<ul>\n<li>20h. <strong>Ann Deveria<\/strong> (\u00c1ngel Mancebo y Jos\u00e9 Tena) [<a href=\"https:\/\/anndeveria.com\/\" target=\"_blank\" rel=\"noopener noreferrer\">https:\/\/anndeveria.com\/<\/a>]<\/li>\n<li>21h. <strong>Peter Kutin<\/strong> [<a href=\"https:\/\/kutin.klingt.org\" target=\"_blank\" rel=\"noopener noreferrer\">https:\/\/kutin.klingt.org<\/a>]<\/li>\n<\/ul>\n<p><a href=\"https:\/\/ccapitalia.net\/img\/sonikas-14.jpg\"><img loading=\"lazy\" decoding=\"async\" class=\"alignleft\" src=\"https:\/\/ccapitalia.net\/img\/sonikas-14.jpg\" alt=\"Sonikas 14\" width=\"234\" height=\"351\"><\/a>Despu\u00e9s de diez eventos, el Pilar Mir\u00f3 lo ten\u00edamos controlado y su ac\u00fastica era excelente. Tras las pruebas de sonido que hemos hecho en el Lope de Vega creemos que estar\u00e1 a la altura. No obstante, quiz\u00e1s, haya alg\u00fan detalle que se nos escape. Si es as\u00ed, os pedimos indulgencia y compresi\u00f3n. En lo que seguro que vamos a salir ganado es en la <strong>accesibilidad al Centro<\/strong>. Como sab\u00e9is, el barrio de Entrev\u00edas se encuentra mejor situado y la comunicaci\u00f3n desde el centro de Madrid es m\u00e1s sencilla. <strong>A escasos metros del Lope de Vega hay una parada de autob\u00fas de la EMT -el n\u00famero 102- que conecta con Atocha en 20 minutos.<\/strong> Otra opci\u00f3n es el tren de cercan\u00edas de Renfe. En este caso la comunicaci\u00f3n con Atocha es de apenas 5 minutos pero hay un peque\u00f1o paseo de 10 minutos desde la estaci\u00f3n de Entrev\u00edas hasta el Lope de Vega. <strong>Si opt\u00e1is por transporte privado la entrada que aconsejamos es la que se hace por la calle M\u00e9ndez \u00c1lvaro. Tras entrar en Entrev\u00edas por esa ruta el Centro se encuentra a menos 500 metros, a la derecha, totalmente visible.<\/strong><\/p>\n<p><strong>Otra buena noticia es que a\u00f1o volvemos a la gratuidad que nos ha caracterizado desde siempre.<\/strong><\/p>\n<p>M\u00e1s informaci\u00f3n sobre los art\u00edstas en <a href=\"https:\/\/ccapitalia.net\/crc\/sonikas14\/index.htm\">www.ccapitalia.net\/crc<\/a><\/p>\n","protected":false},"excerpt":{"rendered":"<p>Tras nueve ediciones de Sonikas en el Centro Cultural Pilar Mir\u00f3, este a\u00f1o nos movemos. Fieles a los or\u00edgenes del festival no abandonamos Vallecas. La decimocuarta edici\u00f3n de Sonikas tendr\u00e1 lugar en el Centro Cultural Lope de Vega que est\u00e1 situado en el barrio de Entrev\u00edas. S\u00e1bado 3 20h. El\u00edas Merino [www.eliasmerino.com] 21h. Roland Emile [&hellip;]<\/p>\n","protected":false},"author":1,"featured_media":0,"comment_status":"open","ping_status":"open","sticky":false,"template":"","format":"standard","meta":{"footnotes":""},"categories":[103,14,3],"tags":[358,5,351],"class_list":["post-1954","post","type-post","status-publish","format-standard","hentry","category-arte-sonoro","category-musica-electronica","category-sonikas","tag-arte-sonoro","tag-musica-experimental","tag-sonikas"],"_links":{"self":[{"href":"https:\/\/ccapitalia.net\/index.php?rest_route=\/wp\/v2\/posts\/1954","targetHints":{"allow":["GET"]}}],"collection":[{"href":"https:\/\/ccapitalia.net\/index.php?rest_route=\/wp\/v2\/posts"}],"about":[{"href":"https:\/\/ccapitalia.net\/index.php?rest_route=\/wp\/v2\/types\/post"}],"author":[{"embeddable":true,"href":"https:\/\/ccapitalia.net\/index.php?rest_route=\/wp\/v2\/users\/1"}],"replies":[{"embeddable":true,"href":"https:\/\/ccapitalia.net\/index.php?rest_route=%2Fwp%2Fv2%2Fcomments&post=1954"}],"version-history":[{"count":9,"href":"https:\/\/ccapitalia.net\/index.php?rest_route=\/wp\/v2\/posts\/1954\/revisions"}],"predecessor-version":[{"id":4933,"href":"https:\/\/ccapitalia.net\/index.php?rest_route=\/wp\/v2\/posts\/1954\/revisions\/4933"}],"wp:attachment":[{"href":"https:\/\/ccapitalia.net\/index.php?rest_route=%2Fwp%2Fv2%2Fmedia&parent=1954"}],"wp:term":[{"taxonomy":"category","embeddable":true,"href":"https:\/\/ccapitalia.net\/index.php?rest_route=%2Fwp%2Fv2%2Fcategories&post=1954"},{"taxonomy":"post_tag","embeddable":true,"href":"https:\/\/ccapitalia.net\/index.php?rest_route=%2Fwp%2Fv2%2Ftags&post=1954"}],"curies":[{"name":"wp","href":"https:\/\/api.w.org\/{rel}","templated":true}]}}