{"id":1877,"date":"2016-06-15T10:48:49","date_gmt":"2016-06-15T09:48:49","guid":{"rendered":"http:\/\/www.ccapitalia.net\/?p=1877"},"modified":"2024-03-25T18:53:02","modified_gmt":"2024-03-25T17:53:02","slug":"humblodt-scagnetti-y-la-meseta-iberica","status":"publish","type":"post","link":"https:\/\/ccapitalia.net\/?p=1877","title":{"rendered":"Humblodt, Scagnetti y la Meseta Ib\u00e9rica"},"content":{"rendered":"<p><a href=\"https:\/\/ccapitalia.net\/?page_id=2#agy\">Adolfo Garc\u00eda Yag\u00fce<\/a>\u00a0|\u00a0 Actualmente pocos sabr\u00edan decir qui\u00e9n fue Alexander von Humblodt (1769-1859). Menos a\u00fan que durante su estancia en Espa\u00f1a en 1799 descubri\u00f3 la meseta de la Pen\u00ednsula Ib\u00e9rica. <img loading=\"lazy\" decoding=\"async\" class=\" alignright\" src=\"https:\/\/ccapitalia.net\/img\/globalrider-humbolt.jpg\" alt=\"Alexander von Humblodt (1769-1859)\" width=\"242\" height=\"297\" \/>En aquel a\u00f1o Humblodt iba camino de Barcelona para embarcarse rumbo a la costa argelina. Esta era su intenci\u00f3n inicial al adentrarse en tierras espa\u00f1olas pero, en su inquieta cabeza, tambi\u00e9n le rondaba la idea de cambiar de destino, dirigir sus pasos al continente americano y all\u00ed hacer un gran estudio cient\u00edfico sobre el clima, la geograf\u00eda, fauna y flora. Para esta vasta misi\u00f3n necesitaba la obtenci\u00f3n de un salvoconducto de la Corona Espa\u00f1ola, lo cual a su vez exig\u00eda un nivel de contactos nada f\u00e1ciles de conseguir. Pues bien, nuestro admirado Humblodt se vali\u00f3 de su prestigio como inspector de minas, contactos con el mundo de la ciencia y una h\u00e1bil gesti\u00f3n de las relaciones personales para abrirse camino hasta el mism\u00edsimo Rey Carlos IV.<\/p>\n<p>Humblodt, adem\u00e1s de viajero infatigable, fue un individuo con un dominio extraordinario de numerosos campos del saber entre los que se encuentran la bot\u00e1nica, zoolog\u00eda, geolog\u00eda, geograf\u00eda y astronom\u00eda. Esta actitud cient\u00edfica la combin\u00f3 con un profundo esp\u00edritu humanista y dotes diplom\u00e1ticas. Quiz\u00e1s el mejor resumen de la grandeza de Humblodt queda reflejado en la carta que escribi\u00f3 con 65 a\u00f1os a su amigo Karl August Varnhagen. En ella afirmaba \u201cTengo la disparatada idea de plasmar en una sola obra todo el universo material, todo lo que hoy en d\u00eda sabemos de los fen\u00f3menos de los espacios celestes y de la vida terrestre, desde las nebulosas estelares hasta la geograf\u00eda de los musgos en las rocas de granito, con un estilo vivo que causar\u00e1 deleite y cautivar\u00e1 la sensibilidad [\u2026] Ahora mi t\u00edtulo es Cosmos\u201d.<\/p>\n<p>La citada estancia en Espa\u00f1a apenas dur\u00f3 6 meses, de enero a junio del 1799. Tras descartar el viaje a \u00c1frica su prioridad fue la obtenci\u00f3n de los salvoconductos. En esos meses Humblodt no descuid\u00f3 su curiosidad cient\u00edfica y fue recopilando datos barom\u00e9tricos de toda la Pen\u00ednsula para establecer el perfil topogr\u00e1fico de esta. Solo se limit\u00f3 a reunir datos y a tratarlos, obviamente no tuvo tiempo de realizar trabajo de campo a lo largo y ancho de la Pen\u00ednsula para el registro de medidas. No obstante, cuando aquellos datos fueron transform\u00e1ndose en im\u00e1genes, Humblodt no tard\u00f3 en llegar a la conclusi\u00f3n de que en Espa\u00f1a exist\u00eda un fen\u00f3meno topogr\u00e1fico singular que describi\u00f3 con estas palabras \u201cEn el extremo m\u00e1s occidental de Europa, ba\u00f1ado por el mar por tres lados, se eleva el altiplano de Espa\u00f1a, una verdadera meseta, de 2.200 pies parisienses de altitud casi ininterrumpida y que abarca 4.200 leguas cuadradas geogr\u00e1fica. Tal fen\u00f3meno geogn\u00f3stico es extremadamente raro en nuestro continente, pues, aunque tambi\u00e9n en el sur de Alemania las mesetas b\u00e1varas y suaba alcanzan 1560 y 900 respectivamente, esas regiones alemanas no forman un todo cerrado y est\u00e1n parcialmente surcadas por anchas depresiones y cuencas fluviales\u201d<\/p>\n<p><a href=\"https:\/\/ccapitalia.net\/img\/globalrider-perfil-S.E-N.O.jpg\"><img loading=\"lazy\" decoding=\"async\" class=\"aligncenter\" src=\"https:\/\/ccapitalia.net\/img\/globalrider-perfil-S.E-N.O.jpg\" alt=\"Perfil de la pen\u00ednsula espa\u00f1ola segun la direcci\u00f3n S.E - N.O. - Alexander von Humblodt\" width=\"540\" height=\"144\" \/><\/a><\/p>\n<p>&nbsp;<\/p>\n<p>Transcurridos m\u00e1s de 200 a\u00f1os desde la estancia de Humblodt en tierras espa\u00f1olas, nuestro \u201cviajero monitorizado\u201d, Hugo Scagnetti, nos ofrece otra instant\u00e1nea de la meseta ib\u00e9rica en su recorrido desde Madrid hasta m\u00e1s all\u00e1 de la frontera de Ir\u00fan.<\/p>\n<p><a href=\"https:\/\/ccapitalia.net\/img\/globalrider-ruta-27-mayo.jpg\"><img loading=\"lazy\" decoding=\"async\" class=\"aligncenter\" src=\"https:\/\/ccapitalia.net\/img\/globalrider-ruta-27-mayo.jpg\" alt=\"Globalrider - Ruta d\u00eda 27 de Mayo 2016\" width=\"540\" height=\"189\" \/><\/a><\/p>\n<p>Gracias a los datos de altitud proporcionados por su GPS es f\u00e1cil trazar la ruta que ha seguido. Una vez que tenemos los datos, adem\u00e1s de una representaci\u00f3n sobre un mapa es interesante conocer el perfil topogr\u00e1fico del itinerario de ese d\u00eda para identificar singularidades o corroborar que todo est\u00e1 funcionando como se espera. Aqu\u00ed es donde viene lo divertido de trabajar con los datos\u2026<\/p>\n<p>&nbsp;<\/p>\n<p><a href=\"https:\/\/ccapitalia.net\/img\/globalrider-altura-sobre-nivel-mar.png\"><img loading=\"lazy\" decoding=\"async\" class=\"aligncenter\" src=\"https:\/\/ccapitalia.net\/img\/globalrider-altura-sobre-nivel-mar.png\" alt=\"Globalrider - Altura sobre el nivel del mar d\u00eda 27 de mayo 2016\" width=\"540\" height=\"193\" \/><\/a><\/p>\n<p>En la representaci\u00f3n topogr\u00e1fica anterior se evidencia con toda claridad una parte de la meseta que tanto llam\u00f3 la <a href=\"https:\/\/ccapitalia.net\/img\/globalrider-puerto-canencia.png\"><img loading=\"lazy\" decoding=\"async\" class=\"alignright\" src=\"https:\/\/ccapitalia.net\/img\/globalrider-puerto-canencia.png\" alt=\"Globalrider - Puerto de Canencia\" width=\"242\" height=\"303\" \/><\/a>atenci\u00f3n de Humblodt. De igual forma salta a la vista el paso de Hugo por el puerto de Canencia (primera flecha del gr\u00e1fico) que est\u00e1 a una altura sobre el nivel del mar por encima de los 1500m, en la Sierra de Guadarrama. Su traves\u00eda a trav\u00e9s del Canencia dura 15 minutos aproximadamente. Desde ah\u00ed, Scagnetti desciende por la carretera M-629 y la M-604 hasta Lozoyuela donde se incorpora a la autov\u00eda del Norte.<\/p>\n<p>La siguiente subida importante es el paso de Somosierra que est\u00e1 por encima de los 1400 metros y queda reflejado a las 13:19h con toda claridad en el segundo pico de la gr\u00e1fica.<\/p>\n<p>Sin gran esfuerzo deductivo la representaci\u00f3n gr\u00e1fica de los datos de altitud ilustra a la perfecci\u00f3n que el descenso de la meseta se produce tras cruzar Burgos. Hasta aqu\u00ed todo discurre seg\u00fan lo esperado hasta que a las 20:35h topamos con una llamativa singularidad. En ese instante el GPS nos indica una altitud de 137 metros por debajo del nivel del mar. Es decir, una depresi\u00f3n geogr\u00e1fica. Desde luego existen depresiones geogr\u00e1ficas (ver enlace en Wikipedia) pero no es algo com\u00fan, y menos de 137 metros. Algo est\u00e1 fallando.<\/p>\n<p>No hay problema. Como podemos jugar con los datos a nuestro antojo, lo que vamos a investigar es en qu\u00e9 punto del viaje est\u00e1 esa \u201cmagn\u00edfica\u201d <a href=\"https:\/\/es.wikipedia.org\/wiki\/Anexo:Tierra_bajo_el_nivel_del_mar\" target=\"_blank\" rel=\"noopener noreferrer\">depresi\u00f3n digna de ser registrada en Wikipedia\u2026<\/a><\/p>\n<p>Oh, sorpresa. No se trata de una depresi\u00f3n geogr\u00e1fica, es una estaci\u00f3n de servicio cubierta a la altura de Hernani donde Hugo se detuvo a repostar y a estirar las piernas. Aquella parada hizo que nuestra unidad GPS perdiera precisi\u00f3n durante unos minutos.<\/p>\n<p><a href=\"https:\/\/ccapitalia.net\/img\/globalrider-estacion-servicio-hernani.jpg\"><img loading=\"lazy\" decoding=\"async\" class=\"aligncenter\" src=\"https:\/\/ccapitalia.net\/img\/globalrider-estacion-servicio-hernani.jpg\" alt=\"Globalrider - Estaci\u00f3n de servicio en Hernani\" width=\"540\" height=\"190\" \/><\/a><\/p>\n<p>&nbsp;<\/p>\n<p>Nos despedimos recordando que Humblodt parti\u00f3 hacia Am\u00e9rica el 5 de junio de 1799. En este viaje visit\u00f3 Caracas, La Habana, Bogot\u00e1, Guayaquil, Lima, Quito, M\u00e9xico, Filadelfia y Washington. En su visita a EE.UU. lleg\u00f3 a ser hu\u00e9sped del presidente <a href=\"https:\/\/ccapitalia.net\/?p=4574\">Thomas Jefferson<\/a>; y Sim\u00f3n Bolivar se refer\u00eda a \u00e9l como \u00abel descubridor cient\u00edfico del Nuevo Mundo, cuyo estudio ha dado a Am\u00e9rica algo mejor que todos los conquistadores juntos\u00bb.<\/p>\n<p>Humblodt trabaj\u00f3 en Cosmos como si se tratara de una carrera contra la muerte. El primer volumen lleg\u00f3 en 1845, cuando ten\u00eda 76 a\u00f1os de edad, el segundo a los 78. La tercera entrega la termin\u00f3 a la edad de 81, y la cuarta cuando ten\u00eda 89. En el \u00faltimo a\u00f1o de su vida solo pudo completar la mitad del quinto volumen, que ser\u00eda finalizado a partir de las notas que dej\u00f3 escritas. Cosmos pasar\u00eda a la historia con el subt\u00edtulo \u201cEnsayo de una descripci\u00f3n f\u00edsica del mundo\u201d.<\/p>\n<p>Por su parte, mientras discurre su viaje, Hugo Scagnetti tambi\u00e9n est\u00e1 reuniendo todas sus experiencias con las que producir\u00e1 una serie de documental que, sin lugar a dudas, tambi\u00e9n pasar\u00e1 a la historia.<\/p>\n<p>Os recordamos que este proyecto tiene un fin solidario; obtener fondos para la investigaci\u00f3n de la enfermedad de Perthes en ni\u00f1os. Os animamos a hacer una peque\u00f1a donaci\u00f3n desde la web de Globalrider para que el esfuerzo de todos tenga el resultado esperado.<\/p>\n<p><strong>Puedes hacer el seguimiento de esta aventura en:<\/strong> <a href=\"https:\/\/telefonica.yamaha.globalrider.org\" target=\"_blank\" rel=\"noopener noreferrer\">https:\/\/telefonica.yamaha.globalrider.org<\/a><\/p>\n<p>[<a href=\"https:\/\/ccapitalia.net\/descarga\/docs\/2016.06.15-humblodt-scagnetti-meseta.pdf\" target=\"_blank\" rel=\"noopener noreferrer\">Descargar texto<\/a>]<\/p>\n","protected":false},"excerpt":{"rendered":"<p>Adolfo Garc\u00eda Yag\u00fce\u00a0|\u00a0 Actualmente pocos sabr\u00edan decir qui\u00e9n fue Alexander von Humblodt (1769-1859). Menos a\u00fan que durante su estancia en Espa\u00f1a en 1799 descubri\u00f3 la meseta de la Pen\u00ednsula Ib\u00e9rica. En aquel a\u00f1o Humblodt iba camino de Barcelona para embarcarse rumbo a la costa argelina. Esta era su intenci\u00f3n inicial al adentrarse en tierras espa\u00f1olas [&hellip;]<\/p>\n","protected":false},"author":3,"featured_media":0,"comment_status":"open","ping_status":"open","sticky":false,"template":"","format":"standard","meta":{"footnotes":""},"categories":[512,376,274],"tags":[380,377,379,381],"class_list":["post-1877","post","type-post","status-publish","format-standard","hentry","category-analisis-de-datos","category-globalrider","category-m2m-sensores-internet-de-las-cosas","tag-cosmos","tag-globalrider","tag-humblodt","tag-meseta-iberica"],"_links":{"self":[{"href":"https:\/\/ccapitalia.net\/index.php?rest_route=\/wp\/v2\/posts\/1877","targetHints":{"allow":["GET"]}}],"collection":[{"href":"https:\/\/ccapitalia.net\/index.php?rest_route=\/wp\/v2\/posts"}],"about":[{"href":"https:\/\/ccapitalia.net\/index.php?rest_route=\/wp\/v2\/types\/post"}],"author":[{"embeddable":true,"href":"https:\/\/ccapitalia.net\/index.php?rest_route=\/wp\/v2\/users\/3"}],"replies":[{"embeddable":true,"href":"https:\/\/ccapitalia.net\/index.php?rest_route=%2Fwp%2Fv2%2Fcomments&post=1877"}],"version-history":[{"count":9,"href":"https:\/\/ccapitalia.net\/index.php?rest_route=\/wp\/v2\/posts\/1877\/revisions"}],"predecessor-version":[{"id":4941,"href":"https:\/\/ccapitalia.net\/index.php?rest_route=\/wp\/v2\/posts\/1877\/revisions\/4941"}],"wp:attachment":[{"href":"https:\/\/ccapitalia.net\/index.php?rest_route=%2Fwp%2Fv2%2Fmedia&parent=1877"}],"wp:term":[{"taxonomy":"category","embeddable":true,"href":"https:\/\/ccapitalia.net\/index.php?rest_route=%2Fwp%2Fv2%2Fcategories&post=1877"},{"taxonomy":"post_tag","embeddable":true,"href":"https:\/\/ccapitalia.net\/index.php?rest_route=%2Fwp%2Fv2%2Ftags&post=1877"}],"curies":[{"name":"wp","href":"https:\/\/api.w.org\/{rel}","templated":true}]}}