{"id":1372,"date":"2005-08-21T15:54:01","date_gmt":"2005-08-21T14:54:01","guid":{"rendered":"http:\/\/www.ccapitalia.net\/?p=1372"},"modified":"2024-03-26T18:32:57","modified_gmt":"2024-03-26T17:32:57","slug":"encuentro-con-arturo-lanz-en-pekin","status":"publish","type":"post","link":"https:\/\/ccapitalia.net\/?p=1372","title":{"rendered":"Encuentro con Arturo Lanz en Pek\u00edn"},"content":{"rendered":"<p><strong>Pl\u00e1cida ye-y\u00e9<\/strong> | Es s\u00e1bado y no para de llover en Pekin. La gente pedalea lentamente protegida con chubasqueros y viseras de pl\u00e1stico. Durante la comida, guarecidos de la lluvia en una agradable cafeter\u00eda, recuerdo \u201cal de Esplendor Geom\u00e9trico\u201d, <strong>Arturo Lanz<\/strong>, ese personaje m\u00edtico que seg\u00fan hab\u00eda le\u00eddo vive en Pek\u00edn. Lo comento en voz alta, y alguien me asegura que le conocer\u00e9 esa tarde. Una vez m\u00e1s el flujo de la vida va uniendo piezas, conexiones, casualidades\u2026<\/p>\n<p><img loading=\"lazy\" decoding=\"async\" class=\"alignleft\" alt=\"\" src=\"https:\/\/ccapitalia.net\/img\/reso-arturo-placida.jpg\" width=\"280\" height=\"210\" \/>El primer encuentro se produce en un ambiente extra\u00f1o, medio solemne \/ medio festivo. A Arturo le sorprende que conozca a Esplendor. \u201c\u00bfPero t\u00fa cu\u00e1ntos a\u00f1os tienes?\u201d Parece halagado, y un tipo simp\u00e1tico y accesible. Le hago una entrevista r\u00e1pida e improvisada, mientras nos interrumpen distintas personas. Se deshace de ellos al poco rato diciendo: \u201c\u00a1D\u00e9jame, que me est\u00e1n haciendo una entrevista!\u201d \u201c\u00bfDe qu\u00e9, del trabajo?\u201d \u201c\u00a1No, hombre no, de m\u00fasica!\u201d. Me cuenta algunas cosas, nos re\u00edmos. Me dice que podemos quedar otro d\u00eda para hablar con m\u00e1s calma. Me parece genial.<\/p>\n<p>El segundo encuentro se produce despu\u00e9s del fin de semana. Voy a buscarle al trabajo, y me lleva a una elegante cafeter\u00eda con aire acondicionado y mesas con mantel. Sacamos el cuaderno, y grabadora y la Polaroid.<\/p>\n<p><strong>\u00bfQu\u00e9 vida haces en Pek\u00edn?<\/strong><br \/>\nPues currar\u2026 y estar con el chaval. Tengo 3 hijos, y ahora est\u00e1n todos aqu\u00ed, as\u00ed que estoy ni\u00f1ero total\u2026 Trabajo, y hago m\u00fasica por la noche.<\/p>\n<p><strong>\u00bfHaces vida social?<\/strong><br \/>\nAntes m\u00e1s\u2026 Bueno, un poco de vida social s\u00ed que hago, porque mi mujer y yo tenemos dos restaurantes, uno italiano y otro espa\u00f1ol, y va bastante gente, pero hago una vida tranquila.<\/p>\n<p><strong>\u00bfC\u00f3mo te resulta hacer m\u00fasica desde aqu\u00ed?<\/strong><br \/>\nSiempre lo he hecho yo solo, as\u00ed que no hay ning\u00fan problema.<\/p>\n<p><strong>\u00bfPuede que el hecho de estar aqu\u00ed, un poco desconectado de la movida musical, te ayude a hacer cosas diferentes?<\/strong><br \/>\nEs que siempre he estado desconectado. Yo me fui de Madrid en el 90, me fui a Palma. Y antes tambi\u00e9n estaba desconectado, porque hac\u00eda oposiciones, y luego estuve en el ej\u00e9rcito\u2026<\/p>\n<p><strong>Y qu\u00e9 tipo de feedback recibes, porque habr\u00e1 gente que te escribir\u00e1\u2026<\/strong><br \/>\nPues no, porque no doy mi e-mail a nadie. Le escriben a <strong>Andres Noarbe<\/strong>, el de la casa de discos, y por ah\u00ed me entero, aunque m\u00e1s bien poco. De vez en cuando tambi\u00e9n me hace gracia meterme en internet y ver qu\u00e9 hay por ah\u00ed\u2026 qu\u00e9 comentan sobre los discos que hago. Lo hago por curiosidad.<\/p>\n<p><strong>\u00bfD\u00f3nde se venden tus discos?<\/strong><br \/>\nSe venden en muchos sitios, y muy r\u00e1pido, porque Esplendor Geom\u00e9trico es un grupo as\u00ed un poco de culto&#8230; Se venden mucho en Tokio, tambi\u00e9n en Alemania, Estados Unidos, Francia, Italia, Espa\u00f1a\u2026 Desaparecen enseguida porque son objeto de coleccionismo, y tambi\u00e9n hay gente que sigue la trayectoria del grupo. A mi me da exactamente igual por qu\u00e9 los compran\u2026 Yo no tengo mis discos en vinilo, s\u00f3lo alguno, y ahora te dan una pasta por ellos\u2026<\/p>\n<p><strong>Remont\u00e1ndonos al pasado, creo que los Sex Pistols marcaron tu adolescencia\u2026<\/strong><br \/>\nS\u00ed, porque nos dimos cuenta de que no pasaba nada si no sab\u00edas tocar. As\u00ed empezamos, \u00e9ramos gente inquieta con 15 a\u00f1os\u2026 Ten\u00edamos un grupo literario muy raro, pero vimos que con la m\u00fasica pod\u00edamos hacer m\u00e1s ruido.<\/p>\n<p><strong>\u00bfTen\u00edais esa idea de \u201ch\u00e1ztelo t\u00fa mismo\u201d?<\/strong><br \/>\nNo, simplemente lo hac\u00edamos y ya est\u00e1, lo pas\u00e1bamos bien, no hab\u00eda ninguna idea preconcebida, al menos por mi parte.<\/p>\n<p><strong>\u00bfCu\u00e1l fue tu relaci\u00f3n con \u201cla llamada movida madrile\u00f1a\u201d?<\/strong><br \/>\nYo soy de Madrid, del barrio de la Prospe, justo donde empez\u00f3 todo el mogoll\u00f3n. Al principio solo estaban Kaka de Luxe, y Ramonc\u00edn, en el 78 salieron m\u00e1s grupos entre ellos Aviador Dro. \u00c9ramos todos amigos, unas 15 personas, y hac\u00edamos cosas juntos y tal. Hasta el 80. Entonces me fui de Aviador Dro, porque estaba harto de cantar all\u00ed, y fund\u00e9 Esplendor Geom\u00e9trico.<\/p>\n<p><strong>Servando Carballar contaba que en los conciertos de Aviador Dro la gente arremet\u00eda contra vosotros con botellas de cristal llenas de arena cuando tocabais \u201cNuclear s\u00ed\u201d. T\u00fa cantabas esa canci\u00f3n, \u00bfno?<\/strong><br \/>\nS\u00ed, eso fue en el 79, en fiestas de alg\u00fan pueblo. Pero despu\u00e9s no nos tiraban nada. Yo provocaba mucho, desfasaba mucho, y como era la fiesta de la primavera, aquello estaba lleno de jipis. En realidad la canci\u00f3n era en contra de las nucleares, pero quedaba suficientemente ambiguo, y Servando aprovech\u00f3 eso. \u00c9l era el ide\u00f3logo del grupo, y esa es una de las razones por las que me fui. No me gustaba mezclar ideolog\u00edas en la m\u00fasica o intelectualizar. Lo que al principio era divertido se convirti\u00f3 en un co\u00f1azo, porque siempre ten\u00eda que andar pensando en qu\u00e9 iba a decir<\/p>\n<p><strong>\u00bfCu\u00e1l fue la primera grabaci\u00f3n de EG?<\/strong><br \/>\nLo primero fue un tema en un recopilatorio alem\u00e1n, <strong>\u201cMosc\u00fa est\u00e1 helado\u201d<\/strong>. Era una especie de transici\u00f3n entre Aviador Dro y Esplendor Geom\u00e9trico. Luego sali\u00f3 el sencillo de <strong>\u201cNecrosis en la polla\u201d<\/strong>, y el LP en el 81\u2026<\/p>\n<p><strong>\u00bfQu\u00e9 repercusi\u00f3n crees que tuvo tu m\u00fasica?<\/strong><br \/>\nEn Espa\u00f1a ninguna, pero s\u00ed que tuvo mucha repercusi\u00f3n en otros sitios como Holanda, Alemania, Francia, Estados Unidos, Italia\u2026 Nos escribieron mucho. Empezamos a hacer cosas y a venderlas fuera.<\/p>\n<p><strong>\u00bfEs cierto que algunas personas dejaron de hablarte por la m\u00fasica que hac\u00edas?<\/strong><br \/>\nS\u00ed, porque \u00edbamos muy radicales\u2026 \u00cdbamos en contra de la movida, porque nos parec\u00eda que hab\u00eda mucha \u00f1o\u00f1er\u00eda y falsedad, y que no hac\u00edan nada nuevo sino que copiaban a otros. Nos dio por ah\u00ed\u2026 Ahora no lo har\u00eda, pero en aquella \u00e9poca me hac\u00eda gracia meterme con la gente.<\/p>\n<p><strong>\u00bfSigues en contacto con alguien de esa \u00e9poca, con alg\u00fan m\u00fasico\/a?<\/strong><br \/>\nNo tengo contacto con nadie.<\/p>\n<p><strong>\u00bfY sigues odiando el pop?<\/strong><br \/>\nNo, ya no\u2026<\/p>\n<p><strong>\u00bfPero odiabas el pop?<\/strong><br \/>\nS\u00ed, s\u00ed, lo odiaba.<\/p>\n<p><strong>Yo soy una chica super pop\u2026<\/strong><br \/>\nA mi me espantaba el pop\u2026<br \/>\n(Risas)<\/p>\n<p><strong>\u00bfNo tuviste ninguna novia pop?<\/strong><br \/>\nNo, no\u2026 Pero uno de mis grupos favoritos era Blondie, y m\u00e1s pop que Blondie\u2026 Eso era al principio. Despu\u00e9s con Esplendor Geom\u00e9trico fue una radicalizaci\u00f3n total.<\/p>\n<p><strong>Tambi\u00e9n te espanta todo lo que suene a rollo intelectual\u2026<\/strong><br \/>\nS\u00ed porque me parece muy aburrido. Hay gente que estudia a Esplendor Geom\u00e9trico en universidades, y yo no lo entiendo. No hay explicaci\u00f3n para la m\u00fasica que se hace.<\/p>\n<p><strong>\u00bfPor qu\u00e9 sigues haciendo m\u00fasica?<\/strong><br \/>\nPorque lo necesito. No hay ninguna raz\u00f3n, simplemente me gusta y lo necesito. Si no lo hago durante mucho tiempo me entra el mono.<\/p>\n<p><strong>\u00bfQu\u00e9 m\u00e1quinas utilizas?<\/strong><br \/>\nUn Korg, un Wave-station y una caja de ritmos. Junto todos los instrumentos con un cable, y toco botones. No s\u00e9 tocar. Mi m\u00fasica es azar, yo mismo me sorprendo con los sonidos que obtengo. El proceso de grabaci\u00f3n y manipulaci\u00f3n posterior me resulta mucho m\u00e1s f\u00e1cil ahora gracias a los ordenadores.<\/p>\n<p><strong>\u00bfTe interesan otros sonidos m\u00e1s reales, de la calle, de m\u00e1quinas, etc.?<\/strong><br \/>\nEso lo hicimos al principio, pero ahora no. Lo que m\u00e1s me interesa son las voces. Voces que coges y no significan nada, y luego significan algo, simplemente por azar. Yo escucho mi m\u00fasica mientras la hago, puedo estar 40 o 50 minutos con el mismo ritmo, con el mismo tema, pero despu\u00e9s de terminarlas no las vuelvo a escuchar, no aguanto los 7 minutos. Son azar, las hago y ya est\u00e1. Y el \u201ca ver qu\u00e9 tal\u201d me dura 3 d\u00edas\u2026<\/p>\n<p><strong>T\u00fa lo sigues llamando \u201cm\u00fasica\u201d\u2026<\/strong><br \/>\nClaro, c\u00f3mo lo vas a llamar!<\/p>\n<p><strong>Hay gente que lo llama audio\u2026<\/strong><br \/>\nMe parece un debate in\u00fatil, porque qu\u00e9 m\u00e1s da llamarlo m\u00fasica que audio\u2026 Ya son ganas de\u2026 Yo conozco a Francisco Lopez, que empez\u00f3 con la m\u00fasica experimental en el 82. Era el hermano de un compa\u00f1ero de instituto, pasaba por casa, y le gustaba lo que hac\u00eda yo. Empez\u00f3 con sus ruidos, y ahora est\u00e1 muy reconocido, da conciertos por todo el mundo.<\/p>\n<p><strong>\u00bfEscuchabas punk a partir del 80?<\/strong><br \/>\nEs que ya no hab\u00eda punk. Alguna cosa de punk electr\u00f3nico que no estaba mal, como DAF, por ejemplo, que al principio eran la hostia, los dos primeros LPs est\u00e1n muy bien\u2026 Los Clash me parec\u00edan una mierda.<\/p>\n<p><strong>Los Clash\u2026 \u00bfuna mierda???!!!!<\/strong><br \/>\nS\u00ed, porque hac\u00edan como que cantaban bien, ten\u00edan punteos, y eso a mi me espantaba. En cambio los Sex Pistols eran energ\u00eda pura. Otro grupo que me alucinaba antes de los Sex Pistols eran la Velvet Underground, y me siguen gustando, es uno de mis grupos favoritos, junto con Trobbing Gristle.<\/p>\n<p><strong>\u00bfY el punk espa\u00f1ol no te llamaba la atenci\u00f3n?<\/strong><br \/>\n\u00a1Qu\u00e9 punk espa\u00f1ol!<\/p>\n<p><strong>\u00bfNi siquiera el RRV, RIP, Eskorbuto\u2026?<\/strong><br \/>\nEs que no lo escuch\u00e9 en la \u00e9poca, porque son de los 80 avanzados\u2026 Yo creo que entonces no hab\u00eda nada m\u00e1s radical que mi m\u00fasica. Pero yo, personalmente, no he sido nunca radical\u2026 Si fui teniente del ej\u00e9rcito, jeje.<\/p>\n<p><strong>\u00bfConsideras que tienes una doble vida, con tu trabajo y luego tu m\u00fasica?<\/strong><br \/>\nEn absoluto, no lo vivo as\u00ed para nada. Hay gente del trabajo, amigos, que escuchan lo que hago y me dicen que estoy loco, pero me da igual.<\/p>\n<p><strong>\u00bfQu\u00e9 te ha parecido Revoluci\u00f3n Neol\u00edtica?<\/strong><br \/>\nPues un fanzine como los de antes. Yo hac\u00eda cosas parecidas en el 76, ten\u00edamos una revista que no recuerdo como se llamaba. Tambien un \u201cmovimiento\u201d que se llamaba Cosmicronismo y era para echarte a re\u00edr. En la revista hab\u00eda art\u00edculos sesudos, y yo hac\u00eda cosas totalmente absurdas, que no ten\u00edan ning\u00fan sentido. Un poco copia del dada\u00edsmo y tal\u2026<\/p>\n<p><strong>\u00bfDar\u00edas un concierto ahora?<\/strong><br \/>\nS\u00ed claro, he dado muchos.<\/p>\n<p><strong>\u00bfY qu\u00e9 tal? \u00bfTe gusta?<\/strong><br \/>\nSi me oigo bien s\u00ed, si no dejo de tocar. Lo importante es pas\u00e1rtelo bien cuando tocas. Como la m\u00fasica que hago es muy visceral, me meto mucho en el rollo y se me va un poco la olla. Soy muy activo, no suelo estar parado con el ordenador y esas cosas. Este oto\u00f1o volver\u00e9 a tocar en Tokio. Tambi\u00e9n he tocado mucho en Alemania, Holanda, B\u00e9lgica, Francia, Italia, aqu\u00ed en Pek\u00edn\u2026 En Pek\u00edn tuve que parar a los 6 minutos, porque era la fiesta de cumplea\u00f1os de una amiga, y pasado ese tiempo de 200 personas s\u00f3lo quedaban 20\u2026 Supongo que no era el p\u00fablico adecuado.<\/p>\n<p><strong>Para terminar, h\u00e1blame un poco de China\u2026<\/strong><br \/>\n\u00bfDe China? Pues China est\u00e1 de cojones. Yo si puedo no vuelvo\u2026<\/p>\n<p><strong>\u00bfY por qu\u00e9? \u00bfQu\u00e9 es lo que m\u00e1s te gusta?<\/strong><br \/>\nLa gente, porque no tiene prejuicios ni tonter\u00eda. Es gente super natural, y eso es lo que me gusta, la gente\u2026 los chinos.<\/p>\n<p><strong>Pero\u2026 \u00bft\u00fa no hablas chino, verdad?<\/strong><br \/>\nNo\u2026<\/p>\n<p><strong>\u00bfY c\u00f3mo te las arreglas?<\/strong><br \/>\nEs que estoy casado con una china, y adem\u00e1s te puedes arreglar sin saber chino. Ya llevo aqu\u00ed 8 a\u00f1os\u2026<\/p>\n<p><em>Esta entrevista fue publicada originalmente en el n\u00famero 5 del fancine <strong>\u00abRevoluci\u00f3n Neol\u00edtica\u201d<\/strong>. Ha sido amablemente cedida por su autora, Pl\u00e1cida ye-y\u00e9, para la publicaci\u00f3n en Resonancias\/Cc\u00e4pitalia.<\/em><\/p>\n","protected":false},"excerpt":{"rendered":"<p>Pl\u00e1cida ye-y\u00e9 | Es s\u00e1bado y no para de llover en Pekin. La gente pedalea lentamente protegida con chubasqueros y viseras de pl\u00e1stico. Durante la comida, guarecidos de la lluvia en una agradable cafeter\u00eda, recuerdo \u201cal de Esplendor Geom\u00e9trico\u201d, Arturo Lanz, ese personaje m\u00edtico que seg\u00fan hab\u00eda le\u00eddo vive en Pek\u00edn. Lo comento en voz [&hellip;]<\/p>\n","protected":false},"author":1,"featured_media":0,"comment_status":"open","ping_status":"open","sticky":false,"template":"","format":"standard","meta":{"footnotes":""},"categories":[14],"tags":[316,315],"class_list":["post-1372","post","type-post","status-publish","format-standard","hentry","category-musica-electronica","tag-arturo-lanz","tag-esplendor-geometrico"],"_links":{"self":[{"href":"https:\/\/ccapitalia.net\/index.php?rest_route=\/wp\/v2\/posts\/1372","targetHints":{"allow":["GET"]}}],"collection":[{"href":"https:\/\/ccapitalia.net\/index.php?rest_route=\/wp\/v2\/posts"}],"about":[{"href":"https:\/\/ccapitalia.net\/index.php?rest_route=\/wp\/v2\/types\/post"}],"author":[{"embeddable":true,"href":"https:\/\/ccapitalia.net\/index.php?rest_route=\/wp\/v2\/users\/1"}],"replies":[{"embeddable":true,"href":"https:\/\/ccapitalia.net\/index.php?rest_route=%2Fwp%2Fv2%2Fcomments&post=1372"}],"version-history":[{"count":4,"href":"https:\/\/ccapitalia.net\/index.php?rest_route=\/wp\/v2\/posts\/1372\/revisions"}],"predecessor-version":[{"id":5067,"href":"https:\/\/ccapitalia.net\/index.php?rest_route=\/wp\/v2\/posts\/1372\/revisions\/5067"}],"wp:attachment":[{"href":"https:\/\/ccapitalia.net\/index.php?rest_route=%2Fwp%2Fv2%2Fmedia&parent=1372"}],"wp:term":[{"taxonomy":"category","embeddable":true,"href":"https:\/\/ccapitalia.net\/index.php?rest_route=%2Fwp%2Fv2%2Fcategories&post=1372"},{"taxonomy":"post_tag","embeddable":true,"href":"https:\/\/ccapitalia.net\/index.php?rest_route=%2Fwp%2Fv2%2Ftags&post=1372"}],"curies":[{"name":"wp","href":"https:\/\/api.w.org\/{rel}","templated":true}]}}