{"id":13,"date":"2009-09-14T08:01:44","date_gmt":"2009-09-14T07:01:44","guid":{"rendered":"http:\/\/www.ccapitalia.net\/?p=13"},"modified":"2024-03-26T18:11:05","modified_gmt":"2024-03-26T17:11:05","slug":"7-6-5-4-3-2-1-sonikas","status":"publish","type":"post","link":"https:\/\/ccapitalia.net\/?p=13","title":{"rendered":"7\u00aa edici\u00f3n de \u00b5Festival Sonikas &#8211; 23 al 25 Octubre 2009"},"content":{"rendered":"<p><img loading=\"lazy\" decoding=\"async\" class=\"size-full wp-image-75 alignnone\" title=\"flyersonikas7\" src=\"https:\/\/ccapitalia.net\/wp-content\/uploads\/2009\/09\/flyersonikas7.jpg\" alt=\"flyersonikas7\" width=\"500\" height=\"249\" srcset=\"https:\/\/ccapitalia.net\/wp-content\/uploads\/2009\/09\/flyersonikas7.jpg 500w, https:\/\/ccapitalia.net\/wp-content\/uploads\/2009\/09\/flyersonikas7-300x149.jpg 300w\" sizes=\"auto, (max-width: 500px) 100vw, 500px\" \/><\/p>\n<p>Un a\u00f1o m\u00e1s -y ya van 7- el \u00b5Festival Internacional de M\u00fasica Experimental de Vallecas abre sus puertas&#8230; [<a href=\"https:\/\/ccapitalia.net\/crc\/sonikas7\/index.htm\" target=\"_self\" rel=\"noopener noreferrer\">m\u00e1s informaci\u00f3n<\/a>]<\/p>\n<p><strong>Viernes 23 Octubre<\/strong><\/p>\n<p>Miguel Angel Garc\u00eda<\/p>\n<p>Natasha Barrett<\/p>\n<p><strong>S\u00e1bado 24 Octubre<\/strong><\/p>\n<p>Urtzi<\/p>\n<p>Jason Kahn<\/p>\n<p>Slavek Kwi (aka Artificial Memory Trace)<\/p>\n<p><strong>Domingo 25 Octubre<\/strong><\/p>\n<p><a href=\"https:\/\/ccapitalia.net\/?p=23\" target=\"_self\" rel=\"noopener noreferrer\">Proyecci\u00f3n documental \u00abSoundtracker\u00bb de Nicholas Sherman<\/a><\/p>\n<p><a href=\"https:\/\/ccapitalia.net\/?p=23\" target=\"_self\" rel=\"noopener noreferrer\">Encuentro con Gordon Hempton, protagonista del documental \u00abSoundtracker\u00bb<\/a><\/p>\n<p>Thomas Tilly<\/p>\n<p><strong>Centro Cultura Pilar Mir\u00f3- Plaza Antonio Mar\u00eda Segovia s\/n &#8211; Vallecas Villa (Madrid)<\/strong><br \/>\n(Entrada gratuita hasta completar aforo)<\/p>\n","protected":false},"excerpt":{"rendered":"<p>Un a\u00f1o m\u00e1s -y ya van 7- el \u00b5Festival Internacional de M\u00fasica Experimental de Vallecas abre sus puertas&#8230; [m\u00e1s informaci\u00f3n] Viernes 23 Octubre Miguel Angel Garc\u00eda Natasha Barrett S\u00e1bado 24 Octubre Urtzi Jason Kahn Slavek Kwi (aka Artificial Memory Trace) Domingo 25 Octubre Proyecci\u00f3n documental \u00abSoundtracker\u00bb de Nicholas Sherman Encuentro con Gordon Hempton, protagonista del [&hellip;]<\/p>\n","protected":false},"author":1,"featured_media":0,"comment_status":"open","ping_status":"open","sticky":false,"template":"","format":"standard","meta":{"footnotes":""},"categories":[103,14,3],"tags":[6,5,351,4],"class_list":["post-13","post","type-post","status-publish","format-standard","hentry","category-arte-sonoro","category-musica-electronica","category-sonikas","tag-festival","tag-musica-experimental","tag-sonikas","tag-vallecas"],"_links":{"self":[{"href":"https:\/\/ccapitalia.net\/index.php?rest_route=\/wp\/v2\/posts\/13","targetHints":{"allow":["GET"]}}],"collection":[{"href":"https:\/\/ccapitalia.net\/index.php?rest_route=\/wp\/v2\/posts"}],"about":[{"href":"https:\/\/ccapitalia.net\/index.php?rest_route=\/wp\/v2\/types\/post"}],"author":[{"embeddable":true,"href":"https:\/\/ccapitalia.net\/index.php?rest_route=\/wp\/v2\/users\/1"}],"replies":[{"embeddable":true,"href":"https:\/\/ccapitalia.net\/index.php?rest_route=%2Fwp%2Fv2%2Fcomments&post=13"}],"version-history":[{"count":24,"href":"https:\/\/ccapitalia.net\/index.php?rest_route=\/wp\/v2\/posts\/13\/revisions"}],"predecessor-version":[{"id":5030,"href":"https:\/\/ccapitalia.net\/index.php?rest_route=\/wp\/v2\/posts\/13\/revisions\/5030"}],"wp:attachment":[{"href":"https:\/\/ccapitalia.net\/index.php?rest_route=%2Fwp%2Fv2%2Fmedia&parent=13"}],"wp:term":[{"taxonomy":"category","embeddable":true,"href":"https:\/\/ccapitalia.net\/index.php?rest_route=%2Fwp%2Fv2%2Fcategories&post=13"},{"taxonomy":"post_tag","embeddable":true,"href":"https:\/\/ccapitalia.net\/index.php?rest_route=%2Fwp%2Fv2%2Ftags&post=13"}],"curies":[{"name":"wp","href":"https:\/\/api.w.org\/{rel}","templated":true}]}}