{"id":1134,"date":"2012-10-10T15:43:30","date_gmt":"2012-10-10T14:43:30","guid":{"rendered":"http:\/\/www.ccapitalia.net\/?p=1134"},"modified":"2024-03-25T19:27:21","modified_gmt":"2024-03-25T18:27:21","slug":"sokinas-x-del-25-al-27-de-octubre","status":"publish","type":"post","link":"https:\/\/ccapitalia.net\/?p=1134","title":{"rendered":"Sonikas X, del 26 al 28 de Octubre"},"content":{"rendered":"<p><img loading=\"lazy\" decoding=\"async\" class=\"alignleft\" src=\"https:\/\/ccapitalia.net\/img\/sonikasx.jpg\" alt=\"\" width=\"240\" height=\"409\" \/>Sonikas ha cumplido una d\u00e9cada. Durante este tiempo hemos intentando ofrecer propuestas diferentes que se sit\u00faan en alg\u00fan punto entre el arte sonoro, la experimentaci\u00f3n pura y la m\u00fasica electr\u00f3nica. Al hacer un repaso de estos a\u00f1os y los m\u00e1s de 60 proyectos presentados en Sonikas creemos que, en la medida de nuestras posibilidades, hemos logrado habilitar un espacio \u00fanico en el que artista y p\u00fablico comparten algo m\u00e1s que una sala, cuatro paredes y media docena de altavoces.<\/p>\n<p>Este peque\u00f1o milagro ha sido posible gracias al talento de los artistas que nos han visitado y, sobre todo, gracias al entusiasmo de un p\u00fablico que nos ha acompa\u00f1ado a\u00f1o tras a\u00f1o. En este cap\u00edtulo tambi\u00e9n queremos recordar a toda la gente que ha colaborado de una u otra forma en la consecuci\u00f3n de Sonikas. No habr\u00edamos podido llegar hasta aqu\u00ed sin el esfuerzo desinteresado de gente como C\u00e1stor B\u00f3veda, Javier Duero, el equipo gestor del Centro Cultural Pilar Mir\u00f3 y de sus t\u00e9cnicos de sonido, Rodri y Juan Antonio.<\/p>\n<p><strong>La d\u00e9cima edici\u00f3n es un monogr\u00e1fico de artistas espa\u00f1oles<\/strong>. Este proyecto nos llevaba rondando en la cabeza desde hace tiempo y ahora, por fin, se materializar\u00e1. Como quedar\u00e1 de manifiesto el <strong>fin de semana del 26 de octubre<\/strong>, en Espa\u00f1a hay una \u201cescena\u201d experimental de nivel internacional que merece ser reivindicada.<\/p>\n<p>Os esperamos.-<\/p>\n<p><a href=\"https:\/\/ccapitalia.net\/crc\/sonikas10\/index.htm\" target=\"_self\" rel=\"noopener noreferrer\">Consulta programa y localizaci\u00f3n en CRC<\/a><\/p>\n","protected":false},"excerpt":{"rendered":"<p>Sonikas ha cumplido una d\u00e9cada. Durante este tiempo hemos intentando ofrecer propuestas diferentes que se sit\u00faan en alg\u00fan punto entre el arte sonoro, la experimentaci\u00f3n pura y la m\u00fasica electr\u00f3nica. Al hacer un repaso de estos a\u00f1os y los m\u00e1s de 60 proyectos presentados en Sonikas creemos que, en la medida de nuestras posibilidades, hemos [&hellip;]<\/p>\n","protected":false},"author":1,"featured_media":0,"comment_status":"open","ping_status":"open","sticky":false,"template":"","format":"standard","meta":{"footnotes":""},"categories":[103,14,3],"tags":[358,6,353,5,351,273,272,4],"class_list":["post-1134","post","type-post","status-publish","format-standard","hentry","category-arte-sonoro","category-musica-electronica","category-sonikas","tag-arte-sonoro","tag-festival","tag-musica-electronica","tag-musica-experimental","tag-sonikas","tag-sonikas-10","tag-sonikas-x","tag-vallecas"],"_links":{"self":[{"href":"https:\/\/ccapitalia.net\/index.php?rest_route=\/wp\/v2\/posts\/1134","targetHints":{"allow":["GET"]}}],"collection":[{"href":"https:\/\/ccapitalia.net\/index.php?rest_route=\/wp\/v2\/posts"}],"about":[{"href":"https:\/\/ccapitalia.net\/index.php?rest_route=\/wp\/v2\/types\/post"}],"author":[{"embeddable":true,"href":"https:\/\/ccapitalia.net\/index.php?rest_route=\/wp\/v2\/users\/1"}],"replies":[{"embeddable":true,"href":"https:\/\/ccapitalia.net\/index.php?rest_route=%2Fwp%2Fv2%2Fcomments&post=1134"}],"version-history":[{"count":20,"href":"https:\/\/ccapitalia.net\/index.php?rest_route=\/wp\/v2\/posts\/1134\/revisions"}],"predecessor-version":[{"id":4963,"href":"https:\/\/ccapitalia.net\/index.php?rest_route=\/wp\/v2\/posts\/1134\/revisions\/4963"}],"wp:attachment":[{"href":"https:\/\/ccapitalia.net\/index.php?rest_route=%2Fwp%2Fv2%2Fmedia&parent=1134"}],"wp:term":[{"taxonomy":"category","embeddable":true,"href":"https:\/\/ccapitalia.net\/index.php?rest_route=%2Fwp%2Fv2%2Fcategories&post=1134"},{"taxonomy":"post_tag","embeddable":true,"href":"https:\/\/ccapitalia.net\/index.php?rest_route=%2Fwp%2Fv2%2Ftags&post=1134"}],"curies":[{"name":"wp","href":"https:\/\/api.w.org\/{rel}","templated":true}]}}